{"id":169,"date":"2025-02-22T13:22:22","date_gmt":"2025-02-22T12:22:22","guid":{"rendered":"https:\/\/uk-waldmann.de\/WP\/church\/?p=169"},"modified":"2025-03-24T13:40:31","modified_gmt":"2025-03-24T12:40:31","slug":"vom-anfang-bis-zum-ende","status":"publish","type":"post","link":"https:\/\/uk-waldmann.de\/WP\/church\/live\/vom-anfang-bis-zum-ende\/","title":{"rendered":"Vom Anfang bis zum Ende"},"content":{"rendered":"<p><strong>Die Geschichte einer Veranstaltungsreihe<\/strong><\/p>\n<p>Im Herbst des Jahres 1996 entwarf ein \u00f6kumenisches Team um den damaligen Pfr. z. A. Sudermann, den katholischen Pater Christian Vogel und Kirchenvorstand Klaus Waldmann ein Konzept zu einer Veranstaltungsreihe, deren Zielgruppe Erwachsene von etwa Mitte 20 bis 50 sein sollte. Im Blick waren dabei v.a. Singles und Paare ohne Kinder, die den Zugang zur Kirche nicht \u00fcber ihre Kinder (also Eltern-Kind-Gruppen, Konfirmanden, etc.) haben. Zur Unterst\u00fctzung bei der organisatorischen Durchf\u00fchrung dieser Veranstaltung wurde Wolf-Dieter Koltermann, p\u00e4d. Leiter des EBW mit ins Boot geholt. Da sich das Begegnungszentrum in der Fr\u00f6belstra\u00dfe als Veranstaltungsort anbot, arbeitete der damalige Leiter von st\u00e4dtischer Seite, Stefan Beck, ebenfalls im Team mit.<\/p>\n<p><a class=\"ngg-simplelightbox\" title=\"02\u00dcbersicht\" href=\"https:\/\/uk-waldmann.de\/WP\/church\/wp-content\/uploads\/sites\/15\/nggallery\/live\/Uebersicht-Plakate.JPG\" rel=\"\" data-image-id=\"21\" data-src=\"https:\/\/uk-waldmann.de\/WP\/church\/wp-content\/uploads\/sites\/15\/nggallery\/live\/Uebersicht-Plakate.JPG\" data-thumbnail=\"https:\/\/uk-waldmann.de\/WP\/church\/wp-content\/uploads\/sites\/15\/nggallery\/live\/thumbs\/thumbs_Uebersicht-Plakate.JPG\" data-title=\"02Uebersicht-Plakate\" data-description=\"02\u00dcbersicht\"><img loading=\"lazy\" decoding=\"async\" class=\"ngg-singlepic ngg-right alignleft\" src=\"https:\/\/uk-waldmann.de\/WP\/church\/wp-content\/uploads\/sites\/15\/nggallery\/live\/Uebersicht-Plakate.JPG\" alt=\"02Uebersicht-Plakate\" width=\"244\" height=\"366\"><\/a>Finanziert wurde und wird die Veranstaltungsreihe von den beiden Kirchengemeinden und dem Freizeitamt zu gleichen Teilen.<\/p>\n<p>Die Themen sollten \u201eZeitgeistthemen\u201c sein, also aktuelle Fragestellungen, die die oben genannte Zielgruppe besch\u00e4ftigen.<\/p>\n<p>Da alle Mitglieder des Teams noch mit der im BR (TV des Bayerischen Rundfunk) ausgestrahlten Sendung \u201eLive aus dem Schlachthof\u201c aufgewachsen waren, wurde der Ablauf der Veranstaltung, als Podiumsdiskussion mit intensiver Beteiligung des Publikums, unterbrochen von Live-Musik, sowie der Titel an die BR-Sendereihe angelehnt.<\/p>\n<p>Die erste Veranstaltung fand nach \u00fcber einem halben Jahr Planung und 10 Teamsitzungen am Freitag 18. April 1997 statt.<\/p>\n<p>\u00dcber einige Jahre hinweg fanden dreimal pro Jahr weitere Veranstaltungen statt. Da jedoch der gewaltige Aufwand in der Vorbereitung (Themensuche \/ Fixierung, Referentengewinnung, Erstellung von Werbematerial etc.) weder f\u00fcr die haupt- noch die ehrenamtlichen Mitglieder zu stemmen war, zumal sich Anzahl der Mitglieder des Vorbereitungsteams immer mehr reduzierte, fand sie in den letzten Jahren nur noch zweimal pro Jahr, im Fr\u00fchjahr und im Herbst statt.<\/p>\n<p>Nachteilig f\u00fcr die Arbeit wirkte sich auch nach dem Weggang von Stefan Beck aus der Fr\u00f6belstra\u00dfe der st\u00e4ndige Wechsel der dortigen Kr\u00e4fte aus. Da sehr viel Organisationsarbeit vom dortigen B\u00fcro aus, sozusagen als Hausherrn, zu machen gewesen w\u00e4re, war dies aufgrund der Einarbeitungszeiten nicht immer in vollem Ma\u00dfe zu leisten. Als auch noch Christian Sudermann ausstieg, nachdem er auch als Studierendenpfarrer noch mehrere Jahre mitgewirkt hatte, und sich auf katholischer Seite kein Mitarbeiter mehr finden lie\u00df, lastete sehr viel Arbeit auf wenigen, \u00fcberwiegend ehrenamtlichen Schultern, die aufgrund ihrer beruflichen Belastung nat\u00fcrlich auch nicht im erforderlichen Ma\u00dfe \u00fcber freie Zeit verf\u00fcgen konnten.<\/p>\n<p>Inzwischen entsprechen auch die Themen, und infolgedessen die Zielgruppe, nicht mehr der urspr\u00fcnglichen Konzeption, so dass die Reihe &#8222;Live im Begegnungszentrum&#8220; nach fast 14 Jahren eingestellt werden musste.<\/p>\n<p>Ein \u00dcberblick \u00fcber die vergangenen Veranstaltungen k\u00f6nnen sie nachfolgend nachlesen.<\/p>\n<p style=\"text-align: right;\">Quelle: <br>Information aus dem Gemeindebrief der <br>Evang.-Luth. Gemeinde St. Peter und Paul in Bruck<br>April 2010 Klaus Waldmann<\/p>\n\n\n<p><\/p>\n\n\n\n<p class=\"has-large-font-size\">\u00dcbersicht<\/p>\n\n\n\n<figure class=\"wp-block-table is-style-stripes\"><table><thead><tr><th>LIVE #<\/th><th>Titel<\/th><th>Datum<\/th><\/tr><\/thead><tbody><tr><td>Live 01 !<\/td><td><strong>Arbeit macht das Leben s\u00fc\u00df &#8211; aber wir sind sauer<\/strong><br>Arbeit in der Krise<\/td><td>18.03.1997<\/td><\/tr><tr><td>Live 02 !<\/td><td><strong>Sehnsucht<\/strong><br>Auf der Suche nach dem totalen Kick<\/td><td>27.06.1997<\/td><\/tr><tr><td>Live 03 !<\/td><td><strong>Zwischen Arnika und Antibiotika<\/strong><br>Was macht uns gesund &#8211; Schulmedizin oder alternative Heilmethoden ?<\/td><td>24.10.1997<\/td><\/tr><tr><td>Live 04<\/td><td><strong>Spirituelle Erfahrungen <\/strong><br>Auf der \u00dcberholspur zum Heil<\/td><td><\/td><\/tr><tr><td>Live 05 !<\/td><td><strong>Alles Gewalt oder was?<\/strong><br>Jugendkriminalit\u00e4t unter der Lupe<\/td><td><\/td><\/tr><tr><td>Live 06<\/td><td><strong>Kinder &#8211; Karriere &#8211; Kaputt ?<\/strong><br>Das allt\u00e4gliche Chaos in den Beziehungen heute<\/td><td><br>23.10.1998<\/td><\/tr><tr><td>Live 07<\/td><td><strong>Wer darf Deutscher sein?<\/strong><br>Der steinige Weg zur Integration<\/td><td><\/td><\/tr><tr><td>Live 08<\/td><td><strong>Was bringt die Zukunft<\/strong>?<br><\/td><td><\/td><\/tr><tr><td>Live 09<\/td><td><strong>M\u00e4nner v\u00f6llig von der Rolle<\/strong><\/td><td><\/td><\/tr><tr><td>Live 10<\/td><td><strong>Ist die Moral im Eimer?<\/strong> <br>Neue Werte sucht das Land<\/td><td>12.05.2000<\/td><\/tr><tr><td>Live 11<\/td><td><strong>Homo Ehe &#8211; Wohl oder Wehe?<\/strong><br><\/td><td>10.11.2000<\/td><\/tr><tr><td>Live 12<\/td><td><strong>Sterben und sterben lassen<\/strong><br>Sterbehilfe in der Diskussion<\/td><td>04.05.2001<\/td><\/tr><tr><td>Live 13<\/td><td><strong>Wohin nach PISA<\/strong>?<br>Wie sollen wir unsere Kinder erziehen<\/td><td>26.04.2002<\/td><\/tr><tr><td>Live 14<\/td><td><strong>Lieber satt als gesund<\/strong>?<br>Was essen die Deutschen<\/td><td>05.11.2002<\/td><\/tr><tr><td>Live 15<\/td><td><strong>Gesundheitsreform im Krankenstand<\/strong><br>Wieviel Gesundheit k\u00f6nnen wir uns noch leisten?<\/td><td>16.05.2003<\/td><\/tr><tr><td>Live 16<\/td><td><strong>Harry Potter<\/strong><br>Kult um ein modernes M\u00e4rchen<\/td><td>07.11.2003<\/td><\/tr><tr><td>Live 17<\/td><td><strong>Erf\u00fcllung oder Verf\u00fchrung?<\/strong><br>Orientierung auf dem religi\u00f6sen Markt<\/td><td>30.04.2004<\/td><\/tr><tr><td>Live 18<\/td><td><strong>Alt werden, NEIN Danke!<\/strong><br>Die Angst vorm Altern<\/td><td>12.11.2004<\/td><\/tr><tr><td>Live 19<\/td><td><strong>forever fit<\/strong><br>Das Gesch\u00e4ft mit Sch\u00f6nheit und Gesundheit<\/td><td>06.05.2005<\/td><\/tr><tr><td>Live 20<\/td><td><strong>Medienmacher &#8211; Meinungsmacher<\/strong><br>Wie beeinflussen die Medien unsere Meinung?<\/td><td>11.11.2005<\/td><\/tr><tr><td>Live 21<\/td><td><strong>Die Jagt nach dem Gl\u00fcck<\/strong><br>Jeder ist seines Gl\u00fcckes Schmied<\/td><td>05.05.2006<\/td><\/tr><tr><td>Live 22<\/td><td><\/td><td>11.2006<\/td><\/tr><tr><td>Live 23<\/td><td><strong>Spiel mir das Lied vom Tod<br><\/strong><\/td><td>04.05.2007<\/td><\/tr><tr><td>Live 24<\/td><td><strong>Allein oder mit anderen &#8211; Wie wollen wir in Zukunft leben?<\/strong><br>Moderne Wohnformen in der Diskussion<\/td><td>25.04.2008<\/td><\/tr><tr><td>Live 25<\/td><td><strong>Dummes Deutschland<\/strong><br>Wo sind die Schulabg\u00e4nger f\u00fcr das Handwerk?<\/td><td>14.11.2008<\/td><\/tr><tr><td>Live 26 !<\/td><td><strong><strong>Alles geregelt?<\/strong><br><\/strong>Patientenverf\u00fcgung oder Verf\u00fcgung \u00fcber den Patienten<\/td><td>15.05.2009<\/td><\/tr><tr><td>Live 27 !<\/td><td><strong>Der verschaukelte Patient<br><\/strong>Gesundheitsreform und kein Ende<\/td><td>13.11.2009<\/td><\/tr><tr><td>Live 28 !<\/td><td><strong>\u201eBio, \u00d6ko oder was?\u201c<\/strong> \u2013 <br>Die Verwirrung der Verbraucher mit der gesunden Ern\u00e4hrung<\/td><td>23.04.2010<\/td><\/tr><tr><td>Live 29 !<\/td><td><strong>Ohne Moos nichts los<\/strong><br>K\u00f6nnen wir uns unsere Schulden noch leisten<\/td><td>12.11.2010<br><\/td><\/tr><tr><td>Live 30<\/td><td><\/td><td><\/td><\/tr><tr><td>Live 31<\/td><td><\/td><td><\/td><\/tr><tr><td><\/td><td><\/td><td><\/td><\/tr><tr><td>\u2022 Fr. 19. M\u00e4rz 1999<br>\u2022 Fr. 18. Juni 1999<br>\u2022 Fr. 22. Oktober 1999<\/td><td><\/td><td><\/td><\/tr><\/tbody><\/table><\/figure>\n\n\n\n<p><strong>Das Team hinter Live<\/strong><\/p>\n\n\n\n<figure class=\"wp-block-table is-style-stripes\"><table><thead><tr><th>Name<\/th><th>von wo<\/th><th>Mitarbeit &#8211; von\/bi<\/th><\/tr><\/thead><tbody><tr><td><\/td><td><\/td><td><\/td><\/tr><tr><td>Andrea Anrich<\/td><td>2000<br><\/td><td><\/td><\/tr><tr><td>Stephan Beck<\/td><td>1997 &#8211;<\/td><td>Stadt Erlangen, Leitung Begegnungszentrum<br>Amt f\u00fcr Freizeit<\/td><\/tr><tr><td>Katja Ehmke<\/td><td>2009<br>Live 26<\/td><td>Evangelische Kirchengemeinde<br>St. Peter und Paul Erlangen-Bruck<\/td><\/tr><tr><td>Leo Klinger<\/td><td>Sep. 2000<\/td><td>Katholische Gemeinde Bruck<br>Heilig Kreuz<\/td><\/tr><tr><td>Karoline Klar<\/td><td>Sep.2000<br><\/td><td>Stadt Erlangen, RefV Amt413<\/td><\/tr><tr><td>Ralf Kohlschreiber <\/td><td>2000<\/td><td>Erlanger Nachrichten<\/td><\/tr><tr><td>Wolf-Dieter Koltermann<\/td><td>1997 &#8211; 2010<br>Live 1 bis Live 30<\/td><td>Evangelisches BildungsWerk Erlangen<\/td><\/tr><tr><td><\/td><td><\/td><td><\/td><\/tr><tr><td>Frau Lorentz<\/td><td>Sep. 2000<br>Live10<\/td><td>Gemeindepfarrer St. Peter und Paul Bruck<\/td><\/tr><tr><td>Brigitte Neumann<\/td><td>Sep.2000<br>Live10<\/td><td><\/td><\/tr><tr><td>Pfr. Christian Sudermann<\/td><td>1997 &#8211; <br>Live 1 bis <\/td><td>Gemeindepfarrer St. Peter und Paul Bruck<br>Studentenpfarrer Uni Erlangen<\/td><\/tr><tr><td>Lothar Tietze<\/td><td>1997 &#8211;<br>Live 1 bis <\/td><td>Diakon Martin Luther Gmd. B\u00fcchenbach<\/td><\/tr><tr><td>Frater Christian Vogel<\/td><td>1997 &#8211; 2000<br><\/td><td>Katholische Gemeinde Bruck<br>Heilig Kreuz<\/td><\/tr><tr><td>Klaus Waldman<\/td><td>1997 &#8211; 2010<br>Live 1 bis Live 30<\/td><td>Evangelische Kirchengemeinde<br>St. Peter und Paul Erlangen-Bruck<\/td><\/tr><tr><td>Uschi Waldmann<br><\/td><td>1998 &#8211; 2010<br>Live 5 bis Live 30<\/td><td>Evangelische Kirchengemeinde<br>St. Peter und Paul Erlangen-Bruck<\/td><\/tr><tr><td>Karin Gr\u00fcsser<\/td><td>Live 28<\/td><td>Fr\u00f6belstrasse, Vertretung f\u00fcr Susanne<\/td><\/tr><tr><td><a href=\"mailto:marisa.leininger@web.de\">marisa.leininger@web.de<\/a><\/td><td><\/td><td><\/td><\/tr><tr><td><\/td><td><\/td><td><\/td><\/tr><\/tbody><\/table><\/figure>\n\n\n\n<p><strong>Die Moteratoren:<\/strong><\/p>\n\n\n\n<figure class=\"wp-block-table is-style-stripes\"><table class=\"has-fixed-layout\"><thead><tr><th>Namen<\/th><th>Refernz<\/th><th>Veranstaltungen<\/th><\/tr><\/thead><tbody><tr><td><\/td><td><\/td><td><\/td><\/tr><tr><td>Ralf Kohlschreiber<\/td><td>Journalist<\/td><td>Live 03, 05,<\/td><\/tr><tr><td>Stanislaus Kossawoski<\/td><td>Bayrischer Rundfunk<\/td><td>Live 18<\/td><\/tr><tr><td>Christian R\u00e4deke<\/td><td><\/td><td>Live 01,<\/td><\/tr><tr><td>Wolfram Weltzer<\/td><td><\/td><td>Live 04,<\/td><\/tr><tr><td>Dirk Kruse<\/td><td>BR<\/td><td>Live 26, 27, 28<\/td><\/tr><tr><td>Peter Milian<\/td><td>EN<\/td><td>Live 29<\/td><\/tr><\/tbody><\/table><\/figure>\n\n\n\n<p><strong>Musikalische Umrahmung:<\/strong><\/p>\n\n\n\n<figure class=\"wp-block-table is-style-stripes\"><table class=\"has-fixed-layout\"><thead><tr><th>Name<\/th><th>Referenz<\/th><th>Veranstaltungen<\/th><\/tr><\/thead><tbody><tr><td><\/td><td><\/td><td><\/td><\/tr><tr><td>Ralf Brauer Band<\/td><td>Band<\/td><td>Live 01,<\/td><\/tr><tr><td>Ulrich Nehls<\/td><td>Piano, Fl\u00fcgel<\/td><td>Live 10,<\/td><\/tr><tr><td>Simone Knauf<\/td><td>Piano, Fl\u00fcgel<\/td><td>Live 26,<\/td><\/tr><tr><td>Sahradha &amp; Sinduya Albert<\/td><td>Piano und Querfl\u00f6te<\/td><td>Live 27<\/td><\/tr><tr><td>Piano <strong>Jens Kaiser<\/strong><\/td><td>Piano<\/td><td>Live 28<\/td><\/tr><tr><td>Stanislav Mann (Piano)<\/td><td>Stanislav Mann (Piano)<\/td><td>Live 29<\/td><\/tr><\/tbody><\/table><\/figure>\n\n\n\n<p><\/p>\n","protected":false},"excerpt":{"rendered":"<p>Die Geschichte einer Veranstaltungsreihe Im Herbst des Jahres 1996 entwarf ein \u00f6kumenisches Team um den damaligen Pfr. z. A. Sudermann, den katholischen Pater Christian Vogel [&#8230;]<\/p>\n","protected":false},"author":1,"featured_media":0,"comment_status":"closed","ping_status":"closed","sticky":false,"template":"","format":"standard","meta":{"_lmt_disableupdate":"","_lmt_disable":"","footnotes":""},"categories":[9],"tags":[],"class_list":["post-169","post","type-post","status-publish","format-standard","hentry","category-live"],"modified_by":"Wald.KL","_links":{"self":[{"href":"https:\/\/uk-waldmann.de\/WP\/church\/wp-json\/wp\/v2\/posts\/169","targetHints":{"allow":["GET"]}}],"collection":[{"href":"https:\/\/uk-waldmann.de\/WP\/church\/wp-json\/wp\/v2\/posts"}],"about":[{"href":"https:\/\/uk-waldmann.de\/WP\/church\/wp-json\/wp\/v2\/types\/post"}],"author":[{"embeddable":true,"href":"https:\/\/uk-waldmann.de\/WP\/church\/wp-json\/wp\/v2\/users\/1"}],"replies":[{"embeddable":true,"href":"https:\/\/uk-waldmann.de\/WP\/church\/wp-json\/wp\/v2\/comments?post=169"}],"version-history":[{"count":25,"href":"https:\/\/uk-waldmann.de\/WP\/church\/wp-json\/wp\/v2\/posts\/169\/revisions"}],"predecessor-version":[{"id":254,"href":"https:\/\/uk-waldmann.de\/WP\/church\/wp-json\/wp\/v2\/posts\/169\/revisions\/254"}],"wp:attachment":[{"href":"https:\/\/uk-waldmann.de\/WP\/church\/wp-json\/wp\/v2\/media?parent=169"}],"wp:term":[{"taxonomy":"category","embeddable":true,"href":"https:\/\/uk-waldmann.de\/WP\/church\/wp-json\/wp\/v2\/categories?post=169"},{"taxonomy":"post_tag","embeddable":true,"href":"https:\/\/uk-waldmann.de\/WP\/church\/wp-json\/wp\/v2\/tags?post=169"}],"curies":[{"name":"wp","href":"https:\/\/api.w.org\/{rel}","templated":true}]}}