{"id":1771,"date":"2022-01-15T00:00:00","date_gmt":"2022-01-14T23:00:00","guid":{"rendered":"http:\/\/uk-waldmann.de\/WP\/reisen\/?page_id=1771"},"modified":"2025-01-06T21:10:13","modified_gmt":"2025-01-06T20:10:13","slug":"das-frankenland","status":"publish","type":"post","link":"https:\/\/uk-waldmann.de\/WP\/reisen\/das-frankenland\/","title":{"rendered":"Das Frankenland"},"content":{"rendered":"<p>Wir selbst leben in Erlangen , also am s\u00fcdlichen Rand der Fr\u00e4nkischen Schweiz. Dies gibt uns die M\u00f6glichkeit wetterabh\u00e4ngig kurzfristig in herrlicher Umgebung zu Wandern.<\/p>\n<ul>\n<li>Die Fr\u00e4nkische Schweiz bietet eine Vielzahl von Wanderungen.&nbsp; F\u00fcr jeden Anspruch ist was dabei. Von kleinen Rundwanderungen bis hin zu Klettersteigen.\n<\/li>\n<li>S\u00fcd\u00f6stlich von N\u00fcrnberg befindet sich dann das Fr\u00e4nkische Seenland. Ein einmaliges Naherholungsgebiet vor allem der Mittelfranken aus der gesamten Metropolregion N\u00fcrnberg.\n<\/li>\n<li>Ein weiteres Ausflugsgebiet, liegt entlang des Mains, vom Fichtelgebirge bis an die Grenze von Hessen und Rheinland-Pfalz (M\u00fcndung des Mains in den Rhein). Das Mainfranken mit seinen angrenzenden Gebieten. Von Bierfranken nach Weinfranken.<\/li>\n<\/ul>\n<p>Zur Einstimmung in diese herrliche Gegend nachfolgend ein paar Bilder.<\/p>\n\n\nngg_shortcode_0_placeholder\n\n\n\n<p><\/p>\n\n\n\n<p><\/p>\n\n\n<div class=\"wp-block-themezee-magazine-blocks-grid tz-magazine-block \"><div class=\"tz-magazine-grid-columns tz-magazine-grid-columns-4\"><div class=\"tz-post-wrap\"><article id=\"post-6729\" class=\"tz-magazine-post post-6729 post tz-type-post status-publish format-standard has-post-thumbnail hentry category-europa category-gb-kanalinsel category-sark tag-post_sark\"><figure class=\"tz-entry-image entry-image\"><a href=\"https:\/\/uk-waldmann.de\/WP\/reisen\/sark-inselmomente-zwischen-felsen-ruhe\/\" rel=\"bookmark\"><img loading=\"lazy\" decoding=\"async\" width=\"1067\" height=\"800\" src=\"https:\/\/uk-waldmann.de\/WP\/reisen\/wp-content\/uploads\/sites\/12\/2025\/08\/nggallery_import\/2005_Cornwall-Sark_0618.JPG\" class=\"attachment-full size-full wp-post-image\" alt=\"\" \/><\/a><\/figure><header class=\"tz-entry-header entry-header\"><h2 class=\"tz-entry-title entry-title\"><a href=\"https:\/\/uk-waldmann.de\/WP\/reisen\/sark-inselmomente-zwischen-felsen-ruhe\/\" rel=\"bookmark\">Sark-Home<\/a><\/h2><\/header><div class=\"tz-entry-content entry-content\"><p>Sark \u2013 Inselmomente zwischen Felsen &amp; Ruhe &nbsp; Kurz-Intro in 2\u20133 S\u00e4tzen: Was macht Sark f\u00fcr euch besonders? (Bootsanreise, Auto-frei, K\u00fcstenpfade, Hotel Stocks\u2026) \u00dcberblick &amp; <span class=\"tz-excerpt-more\">[&hellip;]<\/span><\/p><p class=\"tz-read-more read-more\"><a href=\"https:\/\/uk-waldmann.de\/WP\/reisen\/sark-inselmomente-zwischen-felsen-ruhe\/\" class=\"tz-more-link more-link\" rel=\"bookmark\">weiterlesen<\/a><\/p><\/div><\/article><\/div><div class=\"tz-post-wrap\"><article id=\"post-6155\" class=\"tz-magazine-post post-6155 post tz-type-post status-publish format-standard has-post-thumbnail hentry category-europa category-staedtereisen tag-blauegewoelbe tag-post_dresden tag-schloss tag-semperoper tag-zwinger\"><figure class=\"tz-entry-image entry-image\"><a href=\"https:\/\/uk-waldmann.de\/WP\/reisen\/dresden-entwurf\/\" rel=\"bookmark\"><img loading=\"lazy\" decoding=\"async\" width=\"1200\" height=\"800\" src=\"https:\/\/uk-waldmann.de\/WP\/reisen\/wp-content\/uploads\/sites\/12\/2025\/01\/nggallery_import\/2022-07-15_Dresden_091-cc.JPG\" class=\"attachment-full size-full wp-post-image\" alt=\"\" \/><\/a><\/figure><header class=\"tz-entry-header entry-header\"><h2 class=\"tz-entry-title entry-title\"><a href=\"https:\/\/uk-waldmann.de\/WP\/reisen\/dresden-entwurf\/\" rel=\"bookmark\">Dresden (Entwurf)<\/a><\/h2><\/header><div class=\"tz-entry-content entry-content\"><p>Eigentlich wollten wir Dresden ja schon bei unserem Aufenthalt im Elbsandsteingebirge einen Besuch abstatten. Leider hat die Zeit da nicht gereicht. So haben wir uns <span class=\"tz-excerpt-more\">[&hellip;]<\/span><\/p><p class=\"tz-read-more read-more\"><a href=\"https:\/\/uk-waldmann.de\/WP\/reisen\/dresden-entwurf\/\" class=\"tz-more-link more-link\" rel=\"bookmark\">weiterlesen<\/a><\/p><\/div><\/article><\/div><div class=\"tz-post-wrap\"><article id=\"post-5373\" class=\"tz-magazine-post post-5373 post tz-type-post status-publish format-standard has-post-thumbnail hentry category-deutschland category-schwaebische-alb tag-blaubeuern tag-blautopf tag-post_blaubeuern tag-post_schwaebische-alb tag-schoenelau\"><figure class=\"tz-entry-image entry-image\"><a href=\"https:\/\/uk-waldmann.de\/WP\/reisen\/schwabische-alb-blaubeuren\/\" rel=\"bookmark\"><img loading=\"lazy\" decoding=\"async\" width=\"1620\" height=\"1080\" src=\"https:\/\/uk-waldmann.de\/WP\/reisen\/wp-content\/uploads\/sites\/12\/2023\/02\/nggallery_import\/HP_2021-09-30_SchwaebischeAlb_014.JPG\" class=\"attachment-full size-full wp-post-image\" alt=\"\" \/><\/a><\/figure><header class=\"tz-entry-header entry-header\"><h2 class=\"tz-entry-title entry-title\"><a href=\"https:\/\/uk-waldmann.de\/WP\/reisen\/schwabische-alb-blaubeuren\/\" rel=\"bookmark\">Schw\u00e4bische Alb &#8211; Blaubeuren (Draft)<\/a><\/h2><\/header><div class=\"tz-entry-content entry-content\"><p>Wandern in der Schw\u00e4bischen Alb. Rund um den Blautopf. <span class=\"tz-excerpt-more\">[&hellip;]<\/span><\/p><p class=\"tz-read-more read-more\"><a href=\"https:\/\/uk-waldmann.de\/WP\/reisen\/schwabische-alb-blaubeuren\/\" class=\"tz-more-link more-link\" rel=\"bookmark\">weiterlesen<\/a><\/p><\/div><\/article><\/div><div class=\"tz-post-wrap\"><article id=\"post-6399\" class=\"tz-magazine-post post-6399 post tz-type-post status-publish format-standard has-post-thumbnail hentry category-europa category-gb-suedengland tag-post_bournemouth\"><figure class=\"tz-entry-image entry-image\"><a href=\"https:\/\/uk-waldmann.de\/WP\/reisen\/bournemouth\/\" rel=\"bookmark\"><img loading=\"lazy\" decoding=\"async\" width=\"1200\" height=\"800\" src=\"https:\/\/uk-waldmann.de\/WP\/reisen\/wp-content\/uploads\/sites\/12\/2025\/07\/nggallery_import\/201309_Poole_14_IMG_0056.JPG\" class=\"attachment-full size-full wp-post-image\" alt=\"\" \/><\/a><\/figure><header class=\"tz-entry-header entry-header\"><h2 class=\"tz-entry-title entry-title\"><a href=\"https:\/\/uk-waldmann.de\/WP\/reisen\/bournemouth\/\" rel=\"bookmark\">Bournemouth<\/a><\/h2><\/header><div class=\"tz-entry-content entry-content\"><p>Diese Seite befindet sich im Aufbau. Hier finden Sie Informationen, vor allem aus den Klassenfahrten der Wirtschaftsschule Erlangen nach Bournemouth, Christchurch und Pool sowie Umgebung. <span class=\"tz-excerpt-more\">[&hellip;]<\/span><\/p><p class=\"tz-read-more read-more\"><a href=\"https:\/\/uk-waldmann.de\/WP\/reisen\/bournemouth\/\" class=\"tz-more-link more-link\" rel=\"bookmark\">weiterlesen<\/a><\/p><\/div><\/article><\/div><\/div><\/div>","protected":false},"excerpt":{"rendered":"<p>Wir selbst leben in Erlangen , also am s\u00fcdlichen Rand der Fr\u00e4nkischen Schweiz. Dies gibt uns die M\u00f6glichkeit wetterabh\u00e4ngig kurzfristig in herrlicher Umgebung zu Wandern. [&#8230;]<\/p>\n","protected":false},"author":1,"featured_media":2297,"comment_status":"closed","ping_status":"closed","sticky":false,"template":"","format":"standard","meta":{"_lmt_disableupdate":"","_lmt_disable":"","ngg_post_thumbnail":0,"footnotes":""},"categories":[24,91],"tags":[130,171],"class_list":["post-1771","post","type-post","status-publish","format-standard","has-post-thumbnail","hentry","category-deutschland","category-fraenkische-schweiz","tag-post_fraenkischeschweiz","tag-post_frankenland"],"modified_by":"Wald.KL","_links":{"self":[{"href":"https:\/\/uk-waldmann.de\/WP\/reisen\/wp-json\/wp\/v2\/posts\/1771","targetHints":{"allow":["GET"]}}],"collection":[{"href":"https:\/\/uk-waldmann.de\/WP\/reisen\/wp-json\/wp\/v2\/posts"}],"about":[{"href":"https:\/\/uk-waldmann.de\/WP\/reisen\/wp-json\/wp\/v2\/types\/post"}],"author":[{"embeddable":true,"href":"https:\/\/uk-waldmann.de\/WP\/reisen\/wp-json\/wp\/v2\/users\/1"}],"replies":[{"embeddable":true,"href":"https:\/\/uk-waldmann.de\/WP\/reisen\/wp-json\/wp\/v2\/comments?post=1771"}],"version-history":[{"count":11,"href":"https:\/\/uk-waldmann.de\/WP\/reisen\/wp-json\/wp\/v2\/posts\/1771\/revisions"}],"predecessor-version":[{"id":5501,"href":"https:\/\/uk-waldmann.de\/WP\/reisen\/wp-json\/wp\/v2\/posts\/1771\/revisions\/5501"}],"wp:featuredmedia":[{"embeddable":true,"href":"https:\/\/uk-waldmann.de\/WP\/reisen\/wp-json\/wp\/v2\/media\/2297"}],"wp:attachment":[{"href":"https:\/\/uk-waldmann.de\/WP\/reisen\/wp-json\/wp\/v2\/media?parent=1771"}],"wp:term":[{"taxonomy":"category","embeddable":true,"href":"https:\/\/uk-waldmann.de\/WP\/reisen\/wp-json\/wp\/v2\/categories?post=1771"},{"taxonomy":"post_tag","embeddable":true,"href":"https:\/\/uk-waldmann.de\/WP\/reisen\/wp-json\/wp\/v2\/tags?post=1771"}],"curies":[{"name":"wp","href":"https:\/\/api.w.org\/{rel}","templated":true}]}}