{"id":2386,"date":"2020-06-07T10:45:52","date_gmt":"2020-06-07T08:45:52","guid":{"rendered":"http:\/\/uk-waldmann.de\/WP\/reisen\/?page_id=2386"},"modified":"2021-01-14T13:59:13","modified_gmt":"2021-01-14T12:59:13","slug":"kanaren","status":"publish","type":"post","link":"https:\/\/uk-waldmann.de\/WP\/reisen\/kanaren\/","title":{"rendered":"Kanaren"},"content":{"rendered":"\n<h3 class=\"wp-block-heading\">Wir freuen uns mit Ihnen zusammen das sch\u00f6ne Teneriffa zu erkunden<\/h3>\n\n\n\n\n\n<p>Wie wir als Reiseziel gerade auf Teneriffa gekommen sind wei\u00df ich nicht mehr genau. Zusammen hing es aber damit, dass wir bisher in den bayerischen Faschingsferien bisher immer Skilaufen waren. Die zunehmende Raserei und der steigende Alkoholmissbrauch auf den alpenl\u00e4ndischen Pisten haben uns aber die Freude und den Spa\u00df an dieser Freizeitaktivit\u00e4t immer weiter vermiest, so dass wir nach einer Alternative gesucht haben.<br>Diese Alternative haben wir nun in Teneriffa gefunden! Die Insel ist ideal um in den Osterferien vom oftmals noch kalten S\u00fcddeutschland in ein mildes Meeresklima zu &#8222;fl\u00fcchten&#8220;.<\/p>\n\n\n\n<p>Teneriffa ist eine gr\u00fcne Insel im Atlantik \u2013 die gr\u00f6\u00dfte von 7 Inseln der Kanaren im tiefblauen Atlantik. Nur 300 km von der K\u00fcste Afrikas gelegen und auf der selben H\u00f6he (n\u00f6rdlicher Breitengrad 28\u00b0)&nbsp; wie Kuweit und Florida.<br>Das ganze Jahr sorgt mediterran \u2013 subtropisches Klima f\u00fcr fr\u00fchlingshaftes und angenehmes Wetter.<\/p>\n\n\n\n<p>Gerade der Norden der Vulkaninsel bietet ein herrliches Urlaubsgebiet f\u00fcr Wander- und Naturfreunde. Mit gewaltigen Gebirgsmassiven, grandiosen K\u00fcstenfelslandschaften, einzigartigen Vulkanlandschaften und einer artenreiche Vegetation fasziniert die Nordseite Teneriffas.<\/p>\n\n\n\n<p><strong>Die Vorbereitung:<\/strong><br>Bisher haben wir zwei mal die Osterferien genutzt um auf der Insel dem Alltag zu entfliehen. Vorab haben wir von zuhause aus den diversen Wanderf\u00fchrern interessante Rundwanderungen ausgew\u00e4hlt. Bis heut bevorzuge ich &#8222;<a href=\"http:\/\/www.amazon.de\/Teneriffa-sch\u00c3\u00b6nsten-K\u00c3\u00bcsten-Bergwanderungen-Touren\/dp\/3763340165\">Die sch\u00f6nsten K\u00fcsten- und Bergwanderungen. 70 Touren&#8220; vom: Rother<\/a>&nbsp; und&nbsp;<a href=\"http:\/\/www.amazon.de\/Teneriffa-Wanderf\u00c3\u00bchrer-Touren-\u00c3\u0153bersichtskarte-Waypoints\/dp\/3899535138\/ref=pd_sim_b_3\">&#8222;Wanderf\u00fchrer &#8211; mit 35 Touren. Mit \u00dcbersichtskarte im Ma\u00dfstab 1:360 000 &#8211; GPS Tracks &amp; Waypoints&#8220; von Marion Helbig<\/a>.<\/p>\n\n\n\n<p>\u00dcber den Rother Wanderf\u00fchrer wurden wir auf &#8222;<a href=\"http:\/\/www.aventura-wandern.de\/\">Aventura Wandern<\/a>&#8220; aufmerksam. Aventura Reisen wird von einem deutschen Paar (Angela &amp; J\u00f6rg) geleitet und biete eine Vielzahl von gef\u00fchrten Wanderungen an. Zusammen mit Aventura Wandern waren wir auf dem Teide und stiegen von Masca zum Meer ab.<\/p>\n\n\n\n<p><strong>Die Unterkunft:<\/strong><br>Relativ schnell stellte sich dann die Frage zu einem geeigneten Quartier. Wenn Wandern, dann Nordk\u00fcste, darin bestand Einigkeit. Auch eine &#8222;Bettenhochburg&#8220; wollten wir nicht, also suchten wir nach einer Finca oder einem kleines Hotel, welches Fr\u00fchst\u00fcck anbot. Keine Halbpension sollte es sein, um uns die Flexibilit\u00e4t der Gestaltung eines Tages zu erm\u00f6glichen.<br>Nach l\u00e4ngerem Suchen kristallisierte sich als bevorzugtes Gebiet die Nordk\u00fcste westlich von Puerto de la Cruz heraus. In einer kleinen Bungalow Anlage in&nbsp;<a href=\"http:\/\/g.co\/maps\/a8wmb\">Los Realejos<\/a>&nbsp;fanden wir dann endlich was wir suchten. Ein kleines Paradies zum Entspannen, Erholen und als Basislager f\u00fcr unsere geplanten Wanderungen.&nbsp;<a href=\"http:\/\/www.villa-montemar.com\/\">Villa Montemar!<\/a>&nbsp;In einer Traumhaften Lage, mit Pool, einem eigenen Bungalow und herrlicher Aussicht!<\/p>\n","protected":false},"excerpt":{"rendered":"<p>Wir freuen uns mit Ihnen zusammen das sch\u00f6ne Teneriffa zu erkunden Wie wir als Reiseziel gerade auf Teneriffa gekommen sind wei\u00df ich nicht mehr genau. [&#8230;]<\/p>\n","protected":false},"author":1,"featured_media":2444,"comment_status":"closed","ping_status":"closed","sticky":false,"template":"","format":"standard","meta":{"_lmt_disableupdate":"","_lmt_disable":"","ngg_post_thumbnail":0,"footnotes":""},"categories":[7,38],"tags":[],"class_list":["post-2386","post","type-post","status-publish","format-standard","has-post-thumbnail","hentry","category-europa","category-kanaren"],"modified_by":"Wald.KL","_links":{"self":[{"href":"https:\/\/uk-waldmann.de\/WP\/reisen\/wp-json\/wp\/v2\/posts\/2386","targetHints":{"allow":["GET"]}}],"collection":[{"href":"https:\/\/uk-waldmann.de\/WP\/reisen\/wp-json\/wp\/v2\/posts"}],"about":[{"href":"https:\/\/uk-waldmann.de\/WP\/reisen\/wp-json\/wp\/v2\/types\/post"}],"author":[{"embeddable":true,"href":"https:\/\/uk-waldmann.de\/WP\/reisen\/wp-json\/wp\/v2\/users\/1"}],"replies":[{"embeddable":true,"href":"https:\/\/uk-waldmann.de\/WP\/reisen\/wp-json\/wp\/v2\/comments?post=2386"}],"version-history":[{"count":5,"href":"https:\/\/uk-waldmann.de\/WP\/reisen\/wp-json\/wp\/v2\/posts\/2386\/revisions"}],"predecessor-version":[{"id":3681,"href":"https:\/\/uk-waldmann.de\/WP\/reisen\/wp-json\/wp\/v2\/posts\/2386\/revisions\/3681"}],"wp:featuredmedia":[{"embeddable":true,"href":"https:\/\/uk-waldmann.de\/WP\/reisen\/wp-json\/wp\/v2\/media\/2444"}],"wp:attachment":[{"href":"https:\/\/uk-waldmann.de\/WP\/reisen\/wp-json\/wp\/v2\/media?parent=2386"}],"wp:term":[{"taxonomy":"category","embeddable":true,"href":"https:\/\/uk-waldmann.de\/WP\/reisen\/wp-json\/wp\/v2\/categories?post=2386"},{"taxonomy":"post_tag","embeddable":true,"href":"https:\/\/uk-waldmann.de\/WP\/reisen\/wp-json\/wp\/v2\/tags?post=2386"}],"curies":[{"name":"wp","href":"https:\/\/api.w.org\/{rel}","templated":true}]}}