{"id":2389,"date":"2020-06-07T10:52:28","date_gmt":"2020-06-07T08:52:28","guid":{"rendered":"http:\/\/uk-waldmann.de\/WP\/reisen\/?p=2389"},"modified":"2023-06-04T14:08:02","modified_gmt":"2023-06-04T12:08:02","slug":"maidera","status":"publish","type":"post","link":"https:\/\/uk-waldmann.de\/WP\/reisen\/maidera\/","title":{"rendered":"Maidera"},"content":{"rendered":"\n<h5 class=\"wp-block-heading\">Herzlich willkommen bei unseren Bildern und Berichten \u00fcber die portugisische Atlantikinsel Maidera<\/h5>\n\n\n\n<p><\/p>\n\n\n\n<p class=\"has-text-align-center\">*** Diese Seite befindet sich noch im Aufbau ***<br>*** Schauen Sie doch einfach sp\u00e4ter nochmals vorbei ***<br><\/p>\n\n\n\n<p>Diese wundersch\u00f6ne Insel mitten im Atlantik ist eines von Europas sch\u00f6nsten Reisezielen. <br>Im August 2008 war diese portugisische Insel auch unser Ziel. Zwei Wochen haben wir dort verbracht. In der ersten H\u00e4lfte machten wir gef\u00fchrte Wanderungen \u00fcber die ganze Insel verteilt. <a href=\"http:\/\/www.mb-travel.pt\/httpdocs\/madeira\/de\/\">MB-Travel &#8211; Seja Bem-vindo ao MB-Travel<\/a> Dann haben wir die Insel auf eigene Faust weiter erkundet und zum Schluss noch 3 Tage auf der Nachbarinsel Porto Santo verbracht.<\/p>\n\n\n<p>Nachfolgende Beitr\u00e4ge werden wir hier Zug um Zug bereitstellen:<\/p>\n<ul>\n<li>Allgemeines (Intro)&nbsp;<\/li>\n<li>Stadterkundung Funchal<\/li>\n<li>Bei den Windm\u00fchlen<br>Aufstieg vom Encumeada-Pass \u00fcber den Pin\u00e1culo zur Hochebene Paul da Serra.<br><em>Tourencharakter:<\/em> Levadawanderung und Aufstieg im Gebirge, von der S\u00fcdseite \u00fcber den Kamm bis zur Nordseite. Endpunkt ist das staatliche Rasthaus Bica da Cana auf der Hochebene von Paul da Serra.<\/li>\n<li>Vom Encumeada-Pass nach Vinh\u00e1ticos entlang der Levada das Raba\u00e7as. <br><em>Tourencharakter: Z<\/em>un\u00e4chst leichte Levadawanderung, gegen Ende steile Abh\u00e4nge. R\u00fcckkehr entlang der selben Levada bis zum Abstieg auf einem Pfad \u00fcber den &#8222;Pico Redondo&#8220; den &#8222;Runden Berg&#8220;, dann zur Pousada dos Vinh\u00e1ticos.<\/li>\n<li>\u00dcppige Laurisilva<br>Levadawanderung mit leichtem Abstieg vom Fonte do Bispo am Ribeira da Janela entlang bis Lamaceiros, weiter nach Santa bei Porto Moniz. <br><em>Tourencharakter: <\/em>Beeindruckende Landschaft, entlang eines Flusses mit kleinen Seen, langer Aufstieg bis Casa Campo in Santa<\/li>\n<li>Wege der Freude<br>Von Faj\u00e3 da Ovelha \u00fcber Pa\u00fal do Mar nach Prazeres<br><em>Tourencharakter: <\/em>Steiler Abstieg an der sonnigen S\u00fcdk\u00fcste bis zum Meer, Dorfweg entlang des Meeres, Aufstieg an einem Steilhang. Anstieg durch bebaute Felder und \u00fcber eine Dorfstrasse, leichter Weg entlang einer Gartenlevada. Man verliert nie den Blick auf das Meer.<\/li>\n<li>Tag Durch Wildwiesen und Flusst\u00e4ler<br>Von Prazeres nach Calheta im S\u00fcdwesten. <br><em>Tourencharakter<\/em><br>lange, bequeme Wanderung entlang einer einsamen Levada mit sch\u00f6nen Ausblicken auf die S\u00fcdk\u00fcste. Steiler Abstieg auf der Dorfstrasse nach Calheta.<\/li>\n<li>Autofahrt zur Halbinsel Ponta de Sao Lourenco<\/li>\n<li>Fahrt zum P Quinta do Furao &#8211;<\/li>\n<li>Wanderung auf den Pico Ruivo<\/li>\n<li>Relax auf Porto Santo<\/li>\n<\/ul>\n<p><strong>Fragen und Diskutieren k\u00f6nnen Sie gerne mit uns <\/strong>(und anderen) <strong>in <a href=\"https:\/\/www.facebook.com\/profile.php?id=100063695214472\" target=\"_blank\" rel=\"noopener\">Facebook<\/a><\/strong><\/p>\n<p>Hier eine kleine Auswahl von Bildern.<br>In K\u00fcrze werden auch einzelne Beitr\u00e4ge hier erscheinen. Bitte schauen Sie ab und zu mal vorbei.<\/p>\nngg_shortcode_0_placeholder","protected":false},"excerpt":{"rendered":"<p>Herzlich willkommen bei unseren Bildern und Berichten \u00fcber die portugisische Atlantikinsel Maidera *** Diese Seite befindet sich noch im Aufbau ****** Schauen Sie doch einfach [&#8230;]<\/p>\n","protected":false},"author":1,"featured_media":5817,"comment_status":"closed","ping_status":"open","sticky":false,"template":"","format":"standard","meta":{"_lmt_disableupdate":"","_lmt_disable":"","ngg_post_thumbnail":528,"footnotes":""},"categories":[7,39],"tags":[],"class_list":["post-2389","post","type-post","status-publish","format-standard","has-post-thumbnail","hentry","category-europa","category-maidera"],"modified_by":"Wald.KL","_links":{"self":[{"href":"https:\/\/uk-waldmann.de\/WP\/reisen\/wp-json\/wp\/v2\/posts\/2389","targetHints":{"allow":["GET"]}}],"collection":[{"href":"https:\/\/uk-waldmann.de\/WP\/reisen\/wp-json\/wp\/v2\/posts"}],"about":[{"href":"https:\/\/uk-waldmann.de\/WP\/reisen\/wp-json\/wp\/v2\/types\/post"}],"author":[{"embeddable":true,"href":"https:\/\/uk-waldmann.de\/WP\/reisen\/wp-json\/wp\/v2\/users\/1"}],"replies":[{"embeddable":true,"href":"https:\/\/uk-waldmann.de\/WP\/reisen\/wp-json\/wp\/v2\/comments?post=2389"}],"version-history":[{"count":10,"href":"https:\/\/uk-waldmann.de\/WP\/reisen\/wp-json\/wp\/v2\/posts\/2389\/revisions"}],"predecessor-version":[{"id":5880,"href":"https:\/\/uk-waldmann.de\/WP\/reisen\/wp-json\/wp\/v2\/posts\/2389\/revisions\/5880"}],"wp:featuredmedia":[{"embeddable":true,"href":"https:\/\/uk-waldmann.de\/WP\/reisen\/wp-json\/wp\/v2\/media\/5817"}],"wp:attachment":[{"href":"https:\/\/uk-waldmann.de\/WP\/reisen\/wp-json\/wp\/v2\/media?parent=2389"}],"wp:term":[{"taxonomy":"category","embeddable":true,"href":"https:\/\/uk-waldmann.de\/WP\/reisen\/wp-json\/wp\/v2\/categories?post=2389"},{"taxonomy":"post_tag","embeddable":true,"href":"https:\/\/uk-waldmann.de\/WP\/reisen\/wp-json\/wp\/v2\/tags?post=2389"}],"curies":[{"name":"wp","href":"https:\/\/api.w.org\/{rel}","templated":true}]}}