{"id":3298,"date":"2021-01-10T18:00:00","date_gmt":"2021-01-10T17:00:00","guid":{"rendered":"http:\/\/uk-waldmann.de\/WP\/reisen\/?p=3298"},"modified":"2023-01-19T13:57:20","modified_gmt":"2023-01-19T12:57:20","slug":"saechsische-schweiz","status":"publish","type":"post","link":"https:\/\/uk-waldmann.de\/WP\/reisen\/saechsische-schweiz\/","title":{"rendered":"S\u00e4chsische Schweiz"},"content":{"rendered":"\n<p>Coronabedingt mussten wir diesen f\u00fcr Mai geplanten Wanderurlaub auf den Juli 2020 verschieben. <br>Bereits im Januar hatten wir uns entschieden dieses Jahr endlich mal ins Elbsandsteingebierge zu fahren um die S\u00e4chsische Schweiz etwas zu erwandern. Dann kam ende M\u00e4rz &#8222;CORONA&#8220; dazwischen und Deutschland wurde in den Shutdown versetzt. Das \u00f6ffentliche Leben in Deutschland (und vielen anderen Staaten der Welt) wurde lahm gelegt.<\/p>\n\n\n\nngg_shortcode_0_placeholderNachdem absehbar war, dass Hotels und Restaurants wieder \u00f6ffnen durften suchten wir einen neuen Termin, zu dem unser ausgesuchtes Hotel im Kurort Rathen, am Eingang des Elbsandsteingebirges, uns wieder f\u00fcr eine Woche einen Aufenthalt anbieten konnte. <br>In der Woche vom Sonntag, 12. Juli, bis 19. Juli 2020 war es dann so weit. Wir fuhren nach Sachsen. Von Erlangen aus in etwa die selbe Entfernung wie zum K\u00f6nigsee :-)ngg_shortcode_1_placeholder\n\n\n\n<p>F\u00fcr unsere herausgesuchten Wanderungen stellt sich heraus, dass der ausgesuchte Aufenthaltsort sehr gut gelegen ist. Das ausgew\u00e4hlte Hotel &#8222;<a href=\"https:\/\/www.elbiente.de\/elbiente\/hotel.html\" target=\"_blank\" rel=\"noreferrer noopener\" aria-label=\"undefined (opens in a new tab)\">Elbiente<\/a>&#8220; bot alles was wir brauchten.<\/p>\n\n\n\n<figure class=\"wp-block-pullquote is-style-default has-border-color has-primary-color has-text-color\" style=\"border-color:#74250c\"><blockquote><p>\u201cDer Reisende sieht, was er sieht; der Tourist sieht, was er besucht.\u201d<\/p><cite>G.K. Chesterton<\/cite><\/blockquote><\/figure>\n\n\n\n<p>Diejenigen, welche nicht auf der rechten Elbseite wohnen, oder mit dem Auto f\u00fcr die Wanderung anreisen, m\u00fcssen vorher von der linken auf die rechte Elbseite wechseln. Dazu steht ein F\u00e4hre zur Verf\u00fcgung. Bei der F\u00e4hre handelt es sich um eine sogenannte Gierseif\u00e4hre, aufgebaut als Katameran, eine Pendelf\u00e4hre aus dem Jahre 1959, welche zur Fortbewegung von Ufer zu Ufer die Flu\u00dfst\u00f6mung nutzt.<br>Es gibt keinen Fahrplan, die F\u00e4hre \u00fcberquert laufend die Elbe und ist nur wenige Minuten unterwegs.<br>ngg_shortcode_2_placeholder\n\n\n\n<p>Nachfolgend beschreiben wir kurz unsere Wanderungen und versehen diese mit vielen vielen Bildern. Bei allen Beitr\u00e4gen bleibt das Kommentarfeld am ende des Beitrags offen. Sie sind also herzlich eingeladen hier selbst Kommentare zu hinterlassen.<br>Alle unsere Touren haben wir auch im Portal von <a aria-label=\"undefined (opens in a new tab)\" rel=\"noreferrer noopener\" href=\"https:\/\/www.outdooractive.com\/de\/\" target=\"_blank\">Outdooractive.com<\/a> hinterlegt. Auch dort besteht die M\u00f6glichkeit den Touren weitere Hinweise hinzuzuf\u00fcgen.<br><br><br><div class=\"su-box su-box-style-soft\" id=\"\" style=\"border-color:#000000;border-radius:5px;max-width:none\"><div class=\"su-box-title\" style=\"background-color:#333333;color:#FFFFFF;border-top-left-radius:3px;border-top-right-radius:3px\">Unsere Wanderungen in der S\u00e4chsischen Schweiz<\/div><div class=\"su-box-content su-u-clearfix su-u-trim\" style=\"border-bottom-left-radius:3px;border-bottom-right-radius:3px\">\n\n\n\n<p><\/p>\n\n\n\n<figure class=\"wp-block-table\"><table><tbody><tr><td>ngg_shortcode_3_placeholder<\/td><td>vom Kurort Rathen auf die Bastei weiter \u00fcber die &#8222;Schwedenl\u00f6cher&#8220; zur\u00fcck via  Amselsee nach Rathen<br><a class=\"maxbutton-4 maxbutton maxbutton-side-menu-button-270\" title=\"Side-Menu-BUTTON (270 px)\" href=\"\/WP\/reisen\/saechsische-schweiz\/2\/\" data-maxbuttoncounter=\"{&quot;button_id&quot;:&quot;4&quot;,&quot;url&quot;:&quot;\\\/WP\\\/reisen\\\/saechsische-schweiz\\\/2\\\/&quot;,&quot;check&quot;:&quot;8NmaOlbg&quot;}\" data-maxbuttonpage=\"{&quot;id&quot;:3298,&quot;type&quot;:&quot;post&quot;}\"><span class='mb-text' >Bastei und Schwedenl\u00f6cher<\/span><\/a><\/td><\/tr><tr><td>ngg_shortcode_4_placeholder<\/td><td>vom Parkplatz Ostrau zu den Schrammsteinen<br><a class=\"maxbutton-4 maxbutton maxbutton-side-menu-button-270\" title=\"Side-Menu-BUTTON (270 px)\" href=\"\/WP\/reisen\/saechsische-schweiz\/3\/\" data-maxbuttoncounter=\"{&quot;button_id&quot;:&quot;4&quot;,&quot;url&quot;:&quot;\\\/WP\\\/reisen\\\/saechsische-schweiz\\\/3\\\/&quot;,&quot;check&quot;:&quot;lEQEQgSj&quot;}\" data-maxbuttonpage=\"{&quot;id&quot;:3298,&quot;type&quot;:&quot;post&quot;}\"><span class='mb-text' >Ostrau zu den Schrammsteinen<\/span><\/a><\/td><\/tr><tr><td>ngg_shortcode_5_placeholder<\/td><td>von Rathen entlang des Amselsee, weiter \u00fcber den Pionier- und Knotenweg zum Gamrig<br><a class=\"maxbutton-4 maxbutton maxbutton-side-menu-button-270\" title=\"Side-Menu-BUTTON (270 px)\" href=\"\/WP\/reisen\/saechsische-schweiz\/4\/\" data-maxbuttoncounter=\"{&quot;button_id&quot;:&quot;4&quot;,&quot;url&quot;:&quot;\\\/WP\\\/reisen\\\/saechsische-schweiz\\\/4\\\/&quot;,&quot;check&quot;:&quot;eGeCX5rC&quot;}\" data-maxbuttonpage=\"{&quot;id&quot;:3298,&quot;type&quot;:&quot;post&quot;}\"><span class='mb-text' >via Amselsee zum Gamrig<\/span><\/a><\/td><\/tr><tr><td>ngg_shortcode_6_placeholder<\/td><td>am Elbufer von Rathen zur Stadt Wehlen und auf der anderen Elbseite \u00fcber den Rauenstein zur\u00fcck zum Kurort Rathen<br><a class=\"maxbutton-4 maxbutton maxbutton-side-menu-button-270\" title=\"Side-Menu-BUTTON (270 px)\" href=\"\/WP\/reisen\/saechsische-schweiz\/5\/\" data-maxbuttoncounter=\"{&quot;button_id&quot;:&quot;4&quot;,&quot;url&quot;:&quot;\\\/WP\\\/reisen\\\/saechsische-schweiz\\\/5\\\/&quot;,&quot;check&quot;:&quot;5uK8BPfx&quot;}\" data-maxbuttonpage=\"{&quot;id&quot;:3298,&quot;type&quot;:&quot;post&quot;}\"><span class='mb-text' >Stadt Wehlen und Rauenstein<\/span><\/a><\/td><\/tr><tr><td>ngg_shortcode_7_placeholder<\/td><td>Mit der Kirnitzschtalbahn von Bad Schandau zu den Lichtenhainer Wasserf\u00e4llen und dann zu Fu\u00df in den Kuhstall<br><a class=\"maxbutton-4 maxbutton maxbutton-side-menu-button-270\" title=\"Side-Menu-BUTTON (270 px)\" href=\"\/WP\/reisen\/saechsische-schweiz\/6\/\" data-maxbuttoncounter=\"{&quot;button_id&quot;:&quot;4&quot;,&quot;url&quot;:&quot;\\\/WP\\\/reisen\\\/saechsische-schweiz\\\/6\\\/&quot;,&quot;check&quot;:&quot;4HxEelFG&quot;}\" data-maxbuttonpage=\"{&quot;id&quot;:3298,&quot;type&quot;:&quot;post&quot;}\"><span class='mb-text' >Kirnitzschtalbahn zum Kuhstall<\/span><\/a><\/td><\/tr><tr><td>ngg_shortcode_8_placeholder<\/td><td>Vom Kurort Raten via Bastei, Steinener Tisch und Teufelsgrund nach Stadt Wehlen und am Elbufer zur\u00fcck nach Rathen<br><a class=\"maxbutton-4 maxbutton maxbutton-side-menu-button-270\" title=\"Side-Menu-BUTTON (270 px)\" href=\"\/WP\/reisen\/saechsische-schweiz\/7\/\" data-maxbuttoncounter=\"{&quot;button_id&quot;:&quot;4&quot;,&quot;url&quot;:&quot;\\\/WP\\\/reisen\\\/saechsische-schweiz\\\/7\\\/&quot;,&quot;check&quot;:&quot;Jka1ssBy&quot;}\" data-maxbuttonpage=\"{&quot;id&quot;:3298,&quot;type&quot;:&quot;post&quot;}\"><span class='mb-text' >Bastei - Steinener Tisch<\/span><\/a><\/td><\/tr><\/tbody><\/table><\/figure>\n\n\n\n<\/div><\/div>\n\n\n\n<p><\/p>\n\n\n\n<div class=\"su-box su-box-style-soft\" id=\"\" style=\"border-color:#000000;border-radius:5px;max-width:none\"><div class=\"su-box-title\" style=\"background-color:#333333;color:#FFFFFF;border-top-left-radius:3px;border-top-right-radius:3px\">Externe Links<\/div><div class=\"su-box-content su-u-clearfix su-u-trim\" style=\"border-bottom-left-radius:3px;border-bottom-right-radius:3px\">\n\n\n\n<figure class=\"wp-block-table\"><table><tbody><tr><td>\n<img loading=\"lazy\" decoding=\"async\" width=\"150\" height=\"45\" class=\"wp-image-3113\" style=\"width: 150px;\" src=\"https:\/\/uk-waldmann.de\/WP\/reisen\/wp-content\/uploads\/sites\/12\/2020\/07\/LOGO_Elbiente_.jpg\" alt=\"Hotel Elbiente\" srcset=\"https:\/\/uk-waldmann.de\/WP\/reisen\/wp-content\/uploads\/sites\/12\/2020\/07\/LOGO_Elbiente_.jpg 704w, https:\/\/uk-waldmann.de\/WP\/reisen\/wp-content\/uploads\/sites\/12\/2020\/07\/LOGO_Elbiente_-300x90.jpg 300w\" sizes=\"auto, (max-width: 150px) 100vw, 150px\" \/><\/td><td>&nbsp;<a href=\"https:\/\/www.elbiente.de\/elbiente\/hotel.html\" target=\"_blank\" rel=\"noreferrer noopener\">Hotel Elbiente im Kurort Rathen<\/a><\/td><\/tr><tr><td><img loading=\"lazy\" decoding=\"async\" width=\"150\" height=\"27\" class=\"wp-image-3122\" style=\"width: 150px;\" src=\"https:\/\/uk-waldmann.de\/WP\/reisen\/wp-content\/uploads\/sites\/12\/2020\/07\/LOGO_Outdooractive_.jpg\" alt=\"\" srcset=\"https:\/\/uk-waldmann.de\/WP\/reisen\/wp-content\/uploads\/sites\/12\/2020\/07\/LOGO_Outdooractive_.jpg 438w, https:\/\/uk-waldmann.de\/WP\/reisen\/wp-content\/uploads\/sites\/12\/2020\/07\/LOGO_Outdooractive_-300x53.jpg 300w, https:\/\/uk-waldmann.de\/WP\/reisen\/wp-content\/uploads\/sites\/12\/2020\/07\/LOGO_Outdooractive_-420x78.jpg 420w\" sizes=\"auto, (max-width: 150px) 100vw, 150px\" \/><\/td><td><a href=\"https:\/\/www.outdooractive.com\/de\/\" target=\"_blank\" rel=\"noreferrer noopener\">Outdooractive.com<\/a><\/td><\/tr><tr><td><img loading=\"lazy\" decoding=\"async\" width=\"150\" height=\"38\" class=\"wp-image-3131\" style=\"width: 150px;\" src=\"https:\/\/uk-waldmann.de\/WP\/reisen\/wp-content\/uploads\/sites\/12\/2020\/07\/LOGO_Faehre_Rathen_.jpg\" alt=\"\" srcset=\"https:\/\/uk-waldmann.de\/WP\/reisen\/wp-content\/uploads\/sites\/12\/2020\/07\/LOGO_Faehre_Rathen_.jpg 468w, https:\/\/uk-waldmann.de\/WP\/reisen\/wp-content\/uploads\/sites\/12\/2020\/07\/LOGO_Faehre_Rathen_-300x77.jpg 300w\" sizes=\"auto, (max-width: 150px) 100vw, 150px\" \/><\/td><td><a href=\"https:\/\/www.kurort-rathen.de\/de\/faehre.html\" target=\"_blank\" aria-label=\"undefined (opens in a new tab)\" rel=\"noreferrer noopener\">Gierseilf\u00e4hre Rathen<\/a><\/td><\/tr><\/tbody><\/table><\/figure>\n\n\n\n<\/div><\/div>\n\n\n\n<div class=\"su-divider su-divider-style-default\" style=\"margin:20px 0;border-width:3px;border-color:#74250C\"><a href=\"#\" style=\"color:#999999\"><\/a><\/div>\n\n\n\n<!--nextpage-->\n\n\n\n<h4 class=\"wp-block-heading\" id=\"Bastei-Schwedenloecher\">Bastei und Schwedenl\u00f6cher<\/h4>\n\n\n\n<p>Eine der beliebtesten Wandertouren ist der kurze Rundweg vom Kurort Rathen auf die Bastei. Danach \u00fcber die &#8222;Schwedenl\u00f6cher&#8220; wieder hinunter zum Amselsee und zur\u00fcck nach Rathen.<\/p>\n\n\n\n<div style=\"min-width: 260px; max-width: 700px\"><script type=\"text\/javascript\" src=\"https:\/\/www.outdooractive.com\/de\/embed\/177571674\/js?mw=false&usr=1q4jx1&key=USR-IBHYLG6M-EMWGKPJA-4OSST9GY\"><\/script><\/div>\n\n\n\n<p>Dieser leichte Rundweg ist der ideale Einstieg in die S\u00e4chsische Schweiz. F\u00fcr uns als Ideal hat sich dabei unsere Unterkunft in <a href=\"https:\/\/www.elbiente.de\/elbiente\/hotel.html\" target=\"_blank\" rel=\"noopener noreferrer\">Rathen, im Hotel Elbiente<\/a> herausgestellt. Von dort lassen sich viele kleinere leichte Touren starten.<\/p>\n\n\n\n<p>Das Hygienekonzept unseres Hotels, <a href=\"https:\/\/www.elbiente.de\/elbiente\/hotel.html\" target=\"_blank\" rel=\"noopener noreferrer\">dem Elbiente in Rathen<\/a>, erlaubte leider keine freien Fr\u00fchst\u00fcckszeiten, so dass wir uns entscheiden mussten entweder zwischen 7.00 Uhr und 8.30 Uhr zu fr\u00fchst\u00fccken, oder zwischen 9.00 Uhr und 10:30 Uhr, wobei das Fr\u00fchst\u00fcck zum Endzeitpunkt beendet sein musste, damit das Hotelpersonal alles wieder desinfizieren konnte. Als wir am Vorabend die erste &#8222;Schicht&#8220; buchen wollten war diese leider schon ausgebucht, und wir konnten erst um 9.00 Uhr zum Fr\u00fchst\u00fcck gehen.<\/p>\n\n\n\n<div class=\"wp-block-columns is-layout-flex wp-container-core-columns-is-layout-9d6595d7 wp-block-columns-is-layout-flex\">\n<div class=\"wp-block-column is-layout-flow wp-block-column-is-layout-flow\">\n<p>Trotz der <a href=\"https:\/\/de.wikipedia.org\/wiki\/COVID-19-Pandemie\" target=\"_blank\" rel=\"noopener noreferrer\">Corona Pandemie<\/a>&nbsp; war der kleine Kurort um elf Uhr schon etwas \u00fcberlaufen. Zum Gr\u00fcnbach, so hei\u00dft die kleine Hauptstrasse an der sich die wenigen Kioske und Sovenierl\u00e4den aufreihen. Am Gasthaus &#8222;Sonniges Eck&#8220; verlassen wir dann die Hauptstra\u00dfe links Richtung Amselsee, vorbei am <a href=\"https:\/\/amselgrund.de\/\" target=\"_blank\" rel=\"noopener noreferrer\">Hotel Amselgrundschl\u00f6\u00dfchen<\/a>. An der Kaffeeterrasse des Hotels geht es dann links die ersten Stufen hoch und entlang des Basteiweges.<\/p>\n\n\n\n<figure class=\"wp-block-pullquote is-style-default has-border-color has-primary-color has-text-color\" style=\"border-color:#74250c\"><blockquote><p>\u201eFelsen sind zu Stein gewordene Musik\u201c&nbsp;<\/p><cite>Pythagoras<\/cite><\/blockquote><\/figure>\n<\/div>\n\n\n\n<div class=\"wp-block-column is-layout-flow wp-block-column-is-layout-flow\">\n<p>Nach ein paar hundert Metern wird es etwas steiler, was zur Folge hat, dass es immer mehr Stufen gibt, um schnell an H\u00f6he zu gewinnen. Auf einer L\u00e4nge von etwas \u00fcber 1 km ist eine H\u00f6henunterschied von 200 Meter zu bew\u00e4ltigen. Bereits nach 800 m erreicht man einen der sch\u00f6nsten Aussichtspunkt mit Herrlichem Blick die Elbe hinauf bis zur Stadt Wehlen. Dann geht es noch ein paar &#8222;Treppen-Serpentinen&#8220; bis hinhauf zur Felsenburg Neurathen. Der Eintritt von 2 \u20acuro lohnt sich auf jeden Fall. Das solle keiner Vers\u00e4umen. Informationen zur Felsenburg finden Sie in der Brosch\u00fcre &#8222;Felsenburg Neurathen &#8211; Kulturdenkmal in der S\u00e4chsischen Schweiz&#8220;, welche am Eingang zur Kasse f\u00fcr 3,00 \u20acuro erworben werden kann. Ein Onlinebeschreibung ist auch auf der Web-Seite des <a href=\"https:\/\/www.lohmen-sachsen.de\/de\/tourismus\/felsenburg-neurathen.html\" target=\"_blank\" rel=\"noopener noreferrer\">Tourismusb\u00fcros Lohmen-Sachsen<\/a> bereitgestellt.&nbsp;<\/p>\n<\/div>\n<\/div>\n\n\n\n<p><\/p>\n\n\n<p>&nbsp;<\/p>\n<p>Von der Felsenwelt der Bastei sind es dann nur noch ein paar H\u00f6henmeter und wir erreichen das Panoramerestaurant Bastei mit nochmals herrlichen Aussichten auf die Elbe.<\/p>\n\n\n<p class=\"has-text-align-center has-tertiary-background-color has-text-color has-background\" style=\"color:#dba391\"><em>Impressionen:<\/em><br>Vom Kurort Rathen zur Felsenwelt Bastei (Felsenburg Neurathen) und zur Basteibr\u00fccke<\/p>\n\n\n\nngg_shortcode_9_placeholder\n\n\n<p>Nach dem Restaurant laufen wir am Berghotel vorbei bis zum Kiosk und biegen dann nach rechts ab, um durch die Schwedenl\u00f6cher hinunter zum Amselsee zu laufen.<\/p>\n<p>Bei unserer<a href=\"\/WP\/reisen\/saechsische-schweiz\/7\/\"> Wanderung zum steinernen Tisch und zur Stadt Wehlen<\/a> biegen wir hier dann links ab und laufen hinter dem Kiosk vorbei.<\/p>\n<p>&#8222;Schwedenl\u00f6cher&#8220; ist die Bezeichnung f\u00fcr eine romantische und zugleich abenteuerliche Schlucht zwischen der Bastei und dem Amselgrund. Der Wanderweg verl\u00e4uft durch eine klammartige Felsengassen mit \u00fcber ca. 700 Stufen und zwei steilere Eisenleitern durch eine einzigartige Felsenwelt. Der H\u00f6henunterschied von ungef\u00e4hr 160 m erfordert etwas Kondition und manchmal auch Geduld, um Wandergruppen und Familien, die in umgekehrter Richtung Wandern passieren zu lassen.&nbsp;<br>Da wir diesen &#8222;Abstieg&#8220; in der Coronazeit 2020 bew\u00e4ltigten war uns die Enge der Schlucht, und die doch gro\u00dfen Massen von Wanderern fast zu viel.<\/p>\n<p><a class=\"ngg-simplelightbox\" title=\" \" href=\"https:\/\/uk-waldmann.de\/WP\/reisen\/wp-content\/uploads\/sites\/12\/nggallery\/de-elbsandstein\/2020-07-13-Elbsandstein-116.JPG\" rel=\"\" data-image-id=\"850\" data-src=\"https:\/\/uk-waldmann.de\/WP\/reisen\/wp-content\/uploads\/sites\/12\/nggallery\/de-elbsandstein\/2020-07-13-Elbsandstein-116.JPG\" data-thumbnail=\"https:\/\/uk-waldmann.de\/WP\/reisen\/wp-content\/uploads\/sites\/12\/nggallery\/de-elbsandstein\/thumbs\/thumbs_2020-07-13-Elbsandstein-116.JPG\" data-title=\"2020-07-13-Elbsandstein-116\" data-description=\" \"><img loading=\"lazy\" decoding=\"async\" class=\"ngg-singlepic ngg-left alignleft\" src=\"https:\/\/uk-waldmann.de\/WP\/reisen\/wp-content\/uploads\/sites\/12\/nggallery\/de-elbsandstein\/thumbs\/thumbs_2020-07-13-Elbsandstein-116.JPG\" alt=\"2020-07-13-Elbsandstein-116\" width=\"257\" height=\"171\"><\/a>Geplant hatten wir nach den Schwedenl\u00f6chern noch einen kleinen Abstecher zu dem Amself\u00e4llen zu machen. leider war der Weg nur sehr schwer begehbar und oft auch links und rechts durch Bauz\u00e4une, welche auch keinen Durchblick erlaubten, eingeengt. Anscheinend gab es vor kurzer Zeit Erdrutsche und Steinschl\u00e4ge, so dass der Weg restauriert werden musste. Da der Amselwasserfall auch nicht zu bestaunen war kehrten wir dann an der &#8222;Amselfallbaude&#8220; wieder um und schlenderten entlang des Amselsees zur\u00fcck nach Rathen.<\/p>\n\n\n<p class=\"has-text-align-center has-tertiary-background-color has-text-color has-background\" style=\"color:#dba391\"><em>Impressionen:<\/em><br>von der Bastei \u00fcber die Schwedenl\u00f6cher und den Amselsee zur\u00fcck nach Rathen.<\/p>\n\n\n\nngg_shortcode_10_placeholder\n\n\n\n<p><\/p>\n\n\n\n<div class=\"su-box su-box-style-default\" id=\"\" style=\"border-color:#000000;border-radius:3px;max-width:none\"><div class=\"su-box-title\" style=\"background-color:#333333;color:#FFFFFF;border-top-left-radius:1px;border-top-right-radius:1px\">Unsere Wanderungen<\/div><div class=\"su-box-content su-u-clearfix su-u-trim\" style=\"border-bottom-left-radius:1px;border-bottom-right-radius:1px\">\n\n\n\n<figure class=\"wp-block-table\"><table><tbody><tr><td>ngg_shortcode_11_placeholder<\/td><td>vom Kurort Rathen auf die Bastei weiter \u00fcber die &#8222;Schwedenl\u00f6cher&#8220; zur\u00fcck via  Amselsee nach Rathen<br><a class=\"maxbutton-4 maxbutton maxbutton-side-menu-button-270\" title=\"Side-Menu-BUTTON (270 px)\" href=\"\/WP\/reisen\/saechsische-schweiz\/2\/\" data-maxbuttoncounter=\"{&quot;button_id&quot;:&quot;4&quot;,&quot;url&quot;:&quot;\\\/WP\\\/reisen\\\/saechsische-schweiz\\\/2\\\/&quot;,&quot;check&quot;:&quot;8NmaOlbg&quot;}\" data-maxbuttonpage=\"{&quot;id&quot;:3298,&quot;type&quot;:&quot;post&quot;}\"><span class='mb-text' >Bastei und Schwedenl\u00f6cher<\/span><\/a><\/td><\/tr><tr><td>ngg_shortcode_12_placeholder<\/td><td>vom Parkplatz Ostrau zu den Schrammsteinen<br><a class=\"maxbutton-4 maxbutton maxbutton-side-menu-button-270\" title=\"Side-Menu-BUTTON (270 px)\" href=\"\/WP\/reisen\/saechsische-schweiz\/3\/\" data-maxbuttoncounter=\"{&quot;button_id&quot;:&quot;4&quot;,&quot;url&quot;:&quot;\\\/WP\\\/reisen\\\/saechsische-schweiz\\\/3\\\/&quot;,&quot;check&quot;:&quot;lEQEQgSj&quot;}\" data-maxbuttonpage=\"{&quot;id&quot;:3298,&quot;type&quot;:&quot;post&quot;}\"><span class='mb-text' >Ostrau zu den Schrammsteinen<\/span><\/a><\/td><\/tr><tr><td>ngg_shortcode_13_placeholder<\/td><td>von Rathen entlang des Amselsee, weiter \u00fcber den Pionier- und Knotenweg zum Gamrig<br><a class=\"maxbutton-4 maxbutton maxbutton-side-menu-button-270\" title=\"Side-Menu-BUTTON (270 px)\" href=\"\/WP\/reisen\/saechsische-schweiz\/4\/\" data-maxbuttoncounter=\"{&quot;button_id&quot;:&quot;4&quot;,&quot;url&quot;:&quot;\\\/WP\\\/reisen\\\/saechsische-schweiz\\\/4\\\/&quot;,&quot;check&quot;:&quot;eGeCX5rC&quot;}\" data-maxbuttonpage=\"{&quot;id&quot;:3298,&quot;type&quot;:&quot;post&quot;}\"><span class='mb-text' >via Amselsee zum Gamrig<\/span><\/a><\/td><\/tr><tr><td>ngg_shortcode_14_placeholder<\/td><td>am Elbufer von Rathen zur Stadt Wehlen und auf der anderen Elbseite \u00fcber den Rauenstein zur\u00fcck zum Kurort Rathen<br><a class=\"maxbutton-4 maxbutton maxbutton-side-menu-button-270\" title=\"Side-Menu-BUTTON (270 px)\" href=\"\/WP\/reisen\/saechsische-schweiz\/5\/\" data-maxbuttoncounter=\"{&quot;button_id&quot;:&quot;4&quot;,&quot;url&quot;:&quot;\\\/WP\\\/reisen\\\/saechsische-schweiz\\\/5\\\/&quot;,&quot;check&quot;:&quot;5uK8BPfx&quot;}\" data-maxbuttonpage=\"{&quot;id&quot;:3298,&quot;type&quot;:&quot;post&quot;}\"><span class='mb-text' >Stadt Wehlen und Rauenstein<\/span><\/a><\/td><\/tr><tr><td>ngg_shortcode_15_placeholder<\/td><td>Mit der Kirnitzschtalbahn von Bad Schandau zu den Lichtenhainer Wasserf\u00e4llen und dann zu Fu\u00df in den Kuhstall<br><a class=\"maxbutton-4 maxbutton maxbutton-side-menu-button-270\" title=\"Side-Menu-BUTTON (270 px)\" href=\"\/WP\/reisen\/saechsische-schweiz\/6\/\" data-maxbuttoncounter=\"{&quot;button_id&quot;:&quot;4&quot;,&quot;url&quot;:&quot;\\\/WP\\\/reisen\\\/saechsische-schweiz\\\/6\\\/&quot;,&quot;check&quot;:&quot;4HxEelFG&quot;}\" data-maxbuttonpage=\"{&quot;id&quot;:3298,&quot;type&quot;:&quot;post&quot;}\"><span class='mb-text' >Kirnitzschtalbahn zum Kuhstall<\/span><\/a><\/td><\/tr><tr><td>ngg_shortcode_16_placeholder<\/td><td>Vom Kurort Raten via Bastei, Steinener Tisch und Teufelsgrund nach Stadt Wehlen und am Elbufer zur\u00fcck nach Rathen<br><a class=\"maxbutton-4 maxbutton maxbutton-side-menu-button-270\" title=\"Side-Menu-BUTTON (270 px)\" href=\"\/WP\/reisen\/saechsische-schweiz\/7\/\" data-maxbuttoncounter=\"{&quot;button_id&quot;:&quot;4&quot;,&quot;url&quot;:&quot;\\\/WP\\\/reisen\\\/saechsische-schweiz\\\/7\\\/&quot;,&quot;check&quot;:&quot;Jka1ssBy&quot;}\" data-maxbuttonpage=\"{&quot;id&quot;:3298,&quot;type&quot;:&quot;post&quot;}\"><span class='mb-text' >Bastei - Steinener Tisch<\/span><\/a><\/td><\/tr><\/tbody><\/table><\/figure>\n\n\n\n<\/div><\/div>\n\n\n\n<div class=\"su-divider su-divider-style-default\" style=\"margin:20px 0;border-width:3px;border-color:#74250C\"><a href=\"#\" style=\"color:#999999\"><\/a><\/div>\n\n\n\n<p><\/p>\n\n\n\n<!--nextpage-->\n\n\n\n<h4 class=\"wp-block-heading\" id=\"Schrammsteine\">Von Ostrau (Bad Schandau) zu den Schrammsteine<\/h4>\n\n\n\n<p>der Parkplatz oberhalb von Bad Schandau ist f\u00fcr diese Wanderung der ideale Ausgangsort. Wer fr\u00fch morgens dran ist hat eventuell auch noch eine M\u00f6glichkeit zwischen den drei oder vier kleineren Parkpl\u00e4tzen im Zahnsgrund zwischen Postelwitz und Ostrau einen freien Platz zu finden. Das spart dann einige Minuten Wanderzeit und bei der R\u00fcckkehr den beschwerlichen &#8222;Aufstieg&#8220; \u00fcber den Zschieh\u00e4delhof zum Parkplatz vor Ostrau.<\/p>\n\n\n\n<div style=\"min-width: 260px; max-width: 700px\"><script type=\"text\/javascript\" src=\"https:\/\/www.outdooractive.com\/de\/embed\/177700647\/js?mw=false&usr=1q4jx1&key=USR-IBHYLG6M-EMWGKPJA-4OSST9GY\"><\/script><\/div>\n\n\n<p>Vom Parkplatz kurz vor Ostrau wanderten wir \u00fcber den K\u00fcftelweg direkt wieder hinunter in den Zahnsgrund. Nach der Strassen\u00fcberquerung geht es dann langsam aber stetig leicht nach oben. Durch den Lattengrund und den Obrigensteig bis zum Schrammsteintor. Das Schrammtor ist ein vom Kletterfelsen Schrammtorw\u00e4chter und den Ostert\u00fcrmen flankiertes Felsentor. Vom Schrammtor geht es bequem auf dem Schrammsteinweg durch den Wald am Fu\u00df der Schrammsteine zur Abzweigung am Jungfer Felsen. Hier zweigt der Wildsch\u00fctzensteig links hinauf zu den Schrammsteinaussichten ab.<\/p>\n\n\nngg_shortcode_17_placeholder\n\n\n<p>Mit Hilfe einer Eisenleiterpassage \u00fcberwanden wir dann weitere 100 H\u00f6henmetern. Zwischen den gel\u00e4ndergesicherte Leitern ab und zu mal ein paar, teileweise in Felsen gehauene Treppen. Der Steig ist eine Einbahnstrasse und kann nur aufw\u00e4rts benutz werden. Die Strapazen werden durch eine herrliche Aussicht belohnt. Dazu muss aber nochmals ein schmaler Grad \u00fcberwunden werden, welcher Trittsicherheit und Schwindelfreiheit erfordert.<\/p>\n\n\nngg_shortcode_18_placeholder\n\n\n<p>Der R\u00fcckweg sei leichter, dachten wir. Direkt von den Schrammsteinen herunter traf das leider nicht zu. Da mussten nochmals ein paar Leitertreppen \u00fcberwunden werden. Danach wurde es dann aber einfacher, und wir konnten auf Waldwegen zur\u00fcck nach Ostrau laufen.<\/p>\n\n\nngg_shortcode_19_placeholder\n\n\n\n<figure class=\"wp-block-pullquote is-style-default has-border-color has-primary-color has-text-color\" style=\"border-color:#74250c\"><blockquote><p>Viel wandern macht bewandert. <\/p><cite>Peter Sirius<\/cite><\/blockquote><\/figure>\n\n\n\n<p><\/p>\n\n\n\n<div class=\"su-box su-box-style-default\" id=\"\" style=\"border-color:#000000;border-radius:3px;max-width:none\"><div class=\"su-box-title\" style=\"background-color:#333333;color:#FFFFFF;border-top-left-radius:1px;border-top-right-radius:1px\">Unsere Wanderungen<\/div><div class=\"su-box-content su-u-clearfix su-u-trim\" style=\"border-bottom-left-radius:1px;border-bottom-right-radius:1px\">\n\n\n\n<figure class=\"wp-block-table\"><table><tbody><tr><td>ngg_shortcode_20_placeholder<\/td><td>vom Kurort Rathen auf die Bastei weiter \u00fcber die &#8222;Schwedenl\u00f6cher&#8220; zur\u00fcck via  Amselsee nach Rathen<br><a class=\"maxbutton-4 maxbutton maxbutton-side-menu-button-270\" title=\"Side-Menu-BUTTON (270 px)\" href=\"\/WP\/reisen\/saechsische-schweiz\/2\/\" data-maxbuttoncounter=\"{&quot;button_id&quot;:&quot;4&quot;,&quot;url&quot;:&quot;\\\/WP\\\/reisen\\\/saechsische-schweiz\\\/2\\\/&quot;,&quot;check&quot;:&quot;8NmaOlbg&quot;}\" data-maxbuttonpage=\"{&quot;id&quot;:3298,&quot;type&quot;:&quot;post&quot;}\"><span class='mb-text' >Bastei und Schwedenl\u00f6cher<\/span><\/a><\/td><\/tr><tr><td>ngg_shortcode_21_placeholder<\/td><td>vom Parkplatz Ostrau zu den Schrammsteinen<br><a class=\"maxbutton-4 maxbutton maxbutton-side-menu-button-270\" title=\"Side-Menu-BUTTON (270 px)\" href=\"\/WP\/reisen\/saechsische-schweiz\/3\/\" data-maxbuttoncounter=\"{&quot;button_id&quot;:&quot;4&quot;,&quot;url&quot;:&quot;\\\/WP\\\/reisen\\\/saechsische-schweiz\\\/3\\\/&quot;,&quot;check&quot;:&quot;lEQEQgSj&quot;}\" data-maxbuttonpage=\"{&quot;id&quot;:3298,&quot;type&quot;:&quot;post&quot;}\"><span class='mb-text' >Ostrau zu den Schrammsteinen<\/span><\/a><\/td><\/tr><tr><td>ngg_shortcode_22_placeholder<\/td><td>von Rathen entlang des Amselsee, weiter \u00fcber den Pionier- und Knotenweg zum Gamrig<br><a class=\"maxbutton-4 maxbutton maxbutton-side-menu-button-270\" title=\"Side-Menu-BUTTON (270 px)\" href=\"\/WP\/reisen\/saechsische-schweiz\/4\/\" data-maxbuttoncounter=\"{&quot;button_id&quot;:&quot;4&quot;,&quot;url&quot;:&quot;\\\/WP\\\/reisen\\\/saechsische-schweiz\\\/4\\\/&quot;,&quot;check&quot;:&quot;eGeCX5rC&quot;}\" data-maxbuttonpage=\"{&quot;id&quot;:3298,&quot;type&quot;:&quot;post&quot;}\"><span class='mb-text' >via Amselsee zum Gamrig<\/span><\/a><\/td><\/tr><tr><td>ngg_shortcode_23_placeholder<\/td><td>am Elbufer von Rathen zur Stadt Wehlen und auf der anderen Elbseite \u00fcber den Rauenstein zur\u00fcck zum Kurort Rathen<br><a class=\"maxbutton-4 maxbutton maxbutton-side-menu-button-270\" title=\"Side-Menu-BUTTON (270 px)\" href=\"\/WP\/reisen\/saechsische-schweiz\/5\/\" data-maxbuttoncounter=\"{&quot;button_id&quot;:&quot;4&quot;,&quot;url&quot;:&quot;\\\/WP\\\/reisen\\\/saechsische-schweiz\\\/5\\\/&quot;,&quot;check&quot;:&quot;5uK8BPfx&quot;}\" data-maxbuttonpage=\"{&quot;id&quot;:3298,&quot;type&quot;:&quot;post&quot;}\"><span class='mb-text' >Stadt Wehlen und Rauenstein<\/span><\/a><\/td><\/tr><tr><td>ngg_shortcode_24_placeholder<\/td><td>Mit der Kirnitzschtalbahn von Bad Schandau zu den Lichtenhainer Wasserf\u00e4llen und dann zu Fu\u00df in den Kuhstall<br><a class=\"maxbutton-4 maxbutton maxbutton-side-menu-button-270\" title=\"Side-Menu-BUTTON (270 px)\" href=\"\/WP\/reisen\/saechsische-schweiz\/6\/\" data-maxbuttoncounter=\"{&quot;button_id&quot;:&quot;4&quot;,&quot;url&quot;:&quot;\\\/WP\\\/reisen\\\/saechsische-schweiz\\\/6\\\/&quot;,&quot;check&quot;:&quot;4HxEelFG&quot;}\" data-maxbuttonpage=\"{&quot;id&quot;:3298,&quot;type&quot;:&quot;post&quot;}\"><span class='mb-text' >Kirnitzschtalbahn zum Kuhstall<\/span><\/a><\/td><\/tr><tr><td>ngg_shortcode_25_placeholder<\/td><td>Vom Kurort Raten via Bastei, Steinener Tisch und Teufelsgrund nach Stadt Wehlen und am Elbufer zur\u00fcck nach Rathen<br><a class=\"maxbutton-4 maxbutton maxbutton-side-menu-button-270\" title=\"Side-Menu-BUTTON (270 px)\" href=\"\/WP\/reisen\/saechsische-schweiz\/7\/\" data-maxbuttoncounter=\"{&quot;button_id&quot;:&quot;4&quot;,&quot;url&quot;:&quot;\\\/WP\\\/reisen\\\/saechsische-schweiz\\\/7\\\/&quot;,&quot;check&quot;:&quot;Jka1ssBy&quot;}\" data-maxbuttonpage=\"{&quot;id&quot;:3298,&quot;type&quot;:&quot;post&quot;}\"><span class='mb-text' >Bastei - Steinener Tisch<\/span><\/a><\/td><\/tr><\/tbody><\/table><\/figure>\n\n\n\n<\/div><\/div>\n\n\n\n<div class=\"su-divider su-divider-style-default\" style=\"margin:20px 0;border-width:3px;border-color:#74250C\"><a href=\"#\" style=\"color:#999999\"><\/a><\/div>\n\n\n\n<p><\/p>\n\n\n\n<!--nextpage-->\n\n\n\n<h4 class=\"wp-block-heading\" id=\"Gamrig\">Via Amselsee und Pionierweg zum Gamrig<\/h4>\n\n\n\n<p>Eine sch\u00f6ne Wanderung, welche im Kurort Rathen startet ist \u00fcber den Amselsee zum Gamirg, welche eine sehr sch\u00f6ne Aussicht auf Elbe und Hinterland bietet.<\/p>\n\n\n\n<div style=\"min-width: 260px; max-width: 700px\"><script type=\"text\/javascript\" src=\"https:\/\/www.outdooractive.com\/de\/embed\/177837621\/js?mw=false&usr=1q4jx1&key=USR-IBHYLG6M-EMWGKPJA-4OSST9GY\"><\/script><\/div>\n\n\n\n<p><br>Von Rathen wanderten wir entlang des malerischen Gr\u00fcnbachs, vorbei an der Forellenr\u00e4ucherei wieder &#8222;hinauf&#8220; zum langgestreckten Amselsee der den Gr\u00fcnbach aufstaut.<\/p>\n\n\n\nngg_shortcode_26_placeholder\n\n\n<p>Der Stausee wurde 1934 gebaut und sollte den Fremdenverkehr f\u00f6rdern. Wir laufen den ganzen See entlang und queren erst am Ende des Sees um dem Pionierweg ca. 1km weiter zu folgen. Weiter gelangen wir \u00fcber den Knotenweg zum F\u00fcllh\u00f6lzelweg und wandern dann dem Gamrigweg hoch, bis wir dann die R\u00fcckseite des Gamrig erreichen und langsam und bequem \u00fcber viele Stufen zum Gipfel zu gelangen. Der Gamrig mit seinen 253 m ist quasi der Hausberg der Reuthener und bietet eine herrliche Aussicht bis hin\u00fcber zum K\u00f6nigstein.<\/p>\n\n\n<figure class=\"wp-block-pullquote is-style-default has-border-color has-primary-color has-text-color\" style=\"border-color:#74250c\"><blockquote><p><em>\u201eDas wichtigste St\u00fcck des Reisegep\u00e4cks ist und bleibt ein fr\u00f6hliches Herz.\u201c<\/em>,&nbsp;<\/p><cite>Hermann L\u00f6ns<\/cite><\/blockquote><\/figure>\n\n\n\n<p><\/p>\n\n\n\n<p class=\"has-text-align-center has-primary-background-color has-text-color has-background\" style=\"color:#dba391\"><em>Impressionen:<\/em><br>Der Hausberg des Kurots Rathen: der Gamrig<\/p>\n\n\n\nngg_shortcode_27_placeholder\n\n\n\nngg_shortcode_28_placeholderDer Weg zur\u00fcck zum Kurort Rathen ist dann nur noch eine kleine \u00dcbung. Vorbei an einer Viehweide geht es zum Touristcenter und dann zum Ortsmittelpunkt wo sich eine Restaurante befindet, in dem es am Nachmittag t\u00e4glich frische Kuchen, von Oma hausgebacken gibt. Am Abend dann Tiegelwurst mit Sauerkraut und Salzkartoffeln, genannt &#8222;Tote Oma&#8220;. Daneben befindet sich ein Hinweis, dass die Tote Oma nicht den Kuchen backt ,,,,,<\/p>\n\n\n\nngg_shortcode_29_placeholder\n\n\n\n<p><\/p>\n\n\n\n<p><\/p>\n\n\n\n<div class=\"su-box su-box-style-default\" id=\"\" style=\"border-color:#000000;border-radius:3px;max-width:none\"><div class=\"su-box-title\" style=\"background-color:#333333;color:#FFFFFF;border-top-left-radius:1px;border-top-right-radius:1px\">Unsere Wanderungen<\/div><div class=\"su-box-content su-u-clearfix su-u-trim\" style=\"border-bottom-left-radius:1px;border-bottom-right-radius:1px\">\n\n\n\n<figure class=\"wp-block-table\"><table><tbody><tr><td>ngg_shortcode_30_placeholder<\/td><td>vom Kurort Rathen auf die Bastei weiter \u00fcber die &#8222;Schwedenl\u00f6cher&#8220; zur\u00fcck via  Amselsee nach Rathen<br><a class=\"maxbutton-4 maxbutton maxbutton-side-menu-button-270\" title=\"Side-Menu-BUTTON (270 px)\" href=\"\/WP\/reisen\/saechsische-schweiz\/2\/\" data-maxbuttoncounter=\"{&quot;button_id&quot;:&quot;4&quot;,&quot;url&quot;:&quot;\\\/WP\\\/reisen\\\/saechsische-schweiz\\\/2\\\/&quot;,&quot;check&quot;:&quot;8NmaOlbg&quot;}\" data-maxbuttonpage=\"{&quot;id&quot;:3298,&quot;type&quot;:&quot;post&quot;}\"><span class='mb-text' >Bastei und Schwedenl\u00f6cher<\/span><\/a><\/td><\/tr><tr><td>ngg_shortcode_31_placeholder<\/td><td>vom Parkplatz Ostrau zu den Schrammsteinen<br><a class=\"maxbutton-4 maxbutton maxbutton-side-menu-button-270\" title=\"Side-Menu-BUTTON (270 px)\" href=\"\/WP\/reisen\/saechsische-schweiz\/3\/\" data-maxbuttoncounter=\"{&quot;button_id&quot;:&quot;4&quot;,&quot;url&quot;:&quot;\\\/WP\\\/reisen\\\/saechsische-schweiz\\\/3\\\/&quot;,&quot;check&quot;:&quot;lEQEQgSj&quot;}\" data-maxbuttonpage=\"{&quot;id&quot;:3298,&quot;type&quot;:&quot;post&quot;}\"><span class='mb-text' >Ostrau zu den Schrammsteinen<\/span><\/a><\/td><\/tr><tr><td>ngg_shortcode_32_placeholder<\/td><td>von Rathen entlang des Amselsee, weiter \u00fcber den Pionier- und Knotenweg zum Gamrig<br><a class=\"maxbutton-4 maxbutton maxbutton-side-menu-button-270\" title=\"Side-Menu-BUTTON (270 px)\" href=\"\/WP\/reisen\/saechsische-schweiz\/4\/\" data-maxbuttoncounter=\"{&quot;button_id&quot;:&quot;4&quot;,&quot;url&quot;:&quot;\\\/WP\\\/reisen\\\/saechsische-schweiz\\\/4\\\/&quot;,&quot;check&quot;:&quot;eGeCX5rC&quot;}\" data-maxbuttonpage=\"{&quot;id&quot;:3298,&quot;type&quot;:&quot;post&quot;}\"><span class='mb-text' >via Amselsee zum Gamrig<\/span><\/a><\/td><\/tr><tr><td>ngg_shortcode_33_placeholder<\/td><td>am Elbufer von Rathen zur Stadt Wehlen und auf der anderen Elbseite \u00fcber den Rauenstein zur\u00fcck zum Kurort Rathen<br><a class=\"maxbutton-4 maxbutton maxbutton-side-menu-button-270\" title=\"Side-Menu-BUTTON (270 px)\" href=\"\/WP\/reisen\/saechsische-schweiz\/5\/\" data-maxbuttoncounter=\"{&quot;button_id&quot;:&quot;4&quot;,&quot;url&quot;:&quot;\\\/WP\\\/reisen\\\/saechsische-schweiz\\\/5\\\/&quot;,&quot;check&quot;:&quot;5uK8BPfx&quot;}\" data-maxbuttonpage=\"{&quot;id&quot;:3298,&quot;type&quot;:&quot;post&quot;}\"><span class='mb-text' >Stadt Wehlen und Rauenstein<\/span><\/a><\/td><\/tr><tr><td>ngg_shortcode_34_placeholder<\/td><td>Mit der Kirnitzschtalbahn von Bad Schandau zu den Lichtenhainer Wasserf\u00e4llen und dann zu Fu\u00df in den Kuhstall<br><a class=\"maxbutton-4 maxbutton maxbutton-side-menu-button-270\" title=\"Side-Menu-BUTTON (270 px)\" href=\"\/WP\/reisen\/saechsische-schweiz\/6\/\" data-maxbuttoncounter=\"{&quot;button_id&quot;:&quot;4&quot;,&quot;url&quot;:&quot;\\\/WP\\\/reisen\\\/saechsische-schweiz\\\/6\\\/&quot;,&quot;check&quot;:&quot;4HxEelFG&quot;}\" data-maxbuttonpage=\"{&quot;id&quot;:3298,&quot;type&quot;:&quot;post&quot;}\"><span class='mb-text' >Kirnitzschtalbahn zum Kuhstall<\/span><\/a><\/td><\/tr><tr><td>ngg_shortcode_35_placeholder<\/td><td>Vom Kurort Raten via Bastei, Steinener Tisch und Teufelsgrund nach Stadt Wehlen und am Elbufer zur\u00fcck nach Rathen<br><a class=\"maxbutton-4 maxbutton maxbutton-side-menu-button-270\" title=\"Side-Menu-BUTTON (270 px)\" href=\"\/WP\/reisen\/saechsische-schweiz\/7\/\" data-maxbuttoncounter=\"{&quot;button_id&quot;:&quot;4&quot;,&quot;url&quot;:&quot;\\\/WP\\\/reisen\\\/saechsische-schweiz\\\/7\\\/&quot;,&quot;check&quot;:&quot;Jka1ssBy&quot;}\" data-maxbuttonpage=\"{&quot;id&quot;:3298,&quot;type&quot;:&quot;post&quot;}\"><span class='mb-text' >Bastei - Steinener Tisch<\/span><\/a><\/td><\/tr><\/tbody><\/table><\/figure>\n\n\n\n<\/div><\/div>\n\n\n\n<div class=\"su-divider su-divider-style-default\" style=\"margin:20px 0;border-width:3px;border-color:#74250C\"><a href=\"#\" style=\"color:#999999\"><\/a><\/div>\n\n\n\n<p><\/p>\n\n\n\n<!--nextpage-->\n\n\n\n<h4 class=\"wp-block-heading\" id=\"Raunstein\">\u00fcber Stadt Wehlen und Raunstein<\/h4>\n\n\n\n<p>enlang des rechten Elbufers zur Stadt Wehlen, \u00dcberquerung der Elbe und zur\u00fcck \u00fcber den Raunstein. Steige mit vielen Treppen \/ Leitern und Gitterwegen. Jedoch immer abgesichert.<\/p>\n\n\n\n<div style=\"min-width: 260px; max-width: 700px\"><script type=\"text\/javascript\" src=\"https:\/\/www.outdooractive.com\/de\/embed\/177945139\/js?mw=false&usr=1q4jx1&key=USR-IBHYLG6M-EMWGKPJA-4OSST9GY\"><\/script><\/div>\n\n\n<p>Eigentlich dachten wir an eine einfache Wanderung an diesem Tag. Zuerst 3,5 km die Elbe hinunter zu Stadt Wehlen, dann die Elbe mit der dortigen F\u00e4hre \u00fcberqueren und auf der anderen Seite \u00fcber den Raunstein zur\u00fcck nach Oberrathen und wieder zur\u00fcck zum Startpunkt.<\/p>\n\n\n<p><\/p>\n\n\n\n<div class=\"wp-block-columns is-layout-flex wp-container-core-columns-is-layout-9d6595d7 wp-block-columns-is-layout-flex\">\n<div class=\"wp-block-column is-layout-flow wp-block-column-is-layout-flow\">\nngg_shortcode_36_placeholder\n<\/div>\n\n\n\n<div class=\"wp-block-column is-layout-flow wp-block-column-is-layout-flow\">\n<p>Der erste Abschnitt hielt auch, was er versprach. Gem\u00fctliches Gehen elbabw\u00e4rts mit sch\u00f6nen Blicken bis zur Stadt Wehlen. Auf der rechten Seite ragen Felsen steil in die H\u00f6he. Vorbei an alten Bergwerken, welche Gleisagen mit dem Elbufer verbinden. 30m \u00fcber uns die <a href=\"https:\/\/www.dav-leipzig.de\/huetten\/karl-stein-huette.html\" target=\"_blank\" rel=\"noreferrer noopener\">Karl-Stein-H\u00fctte (dav-leipzig.de)<\/a> des Deutschen Alpvereins.<\/p>\n<\/div>\n<\/div>\n\n\n\n<p><\/p>\n\n\n\n<p> <\/p>\n\n\n\n<div class=\"wp-block-columns is-layout-flex wp-container-core-columns-is-layout-9d6595d7 wp-block-columns-is-layout-flex\">\n<div class=\"wp-block-column is-layout-flow wp-block-column-is-layout-flow\">\n<p>Vom Ortsbeginn zieht sich der Weg dann noch, vorbei an sch\u00f6nen H\u00e4usern ca 1,5 km bis zum Marktplatz, dessen sch\u00f6nes Kaffee zum Verweilen einl\u00e4dt. Bei unserem Besuch regnete es leider etwas. Trotzdem lie\u00dfen wir uns nieder, genossen Kaffee und Kuchen unter den gro\u00dfen Sonnenschirmen, welche als Regenschirme missbraucht wurden, und wanderten dann weiter zur Elbe, \u00fcberquerten diese mit der F\u00e4hre zum Ortsteil P\u00f6tzcha und dann hinauf in Richtung Pudelstein.&nbsp;<\/p>\n<\/div>\n\n\n\n<div class=\"wp-block-column is-layout-flow wp-block-column-is-layout-flow\">\nngg_shortcode_37_placeholder\n<\/div>\n<\/div>\n\n\n\n<div class=\"wp-block-columns is-layout-flex wp-container-core-columns-is-layout-9d6595d7 wp-block-columns-is-layout-flex\">\n<div class=\"wp-block-column is-layout-flow wp-block-column-is-layout-flow\">\nngg_shortcode_38_placeholder\n<\/div>\n\n\n\n<div class=\"wp-block-column is-layout-flow wp-block-column-is-layout-flow\">\n<p>Kurz vor dem &#8222;Gipfel&#8220; ging es dann nach links, entlang des Rauensteinwegs bis zur Berggastst\u00e4tte Fels Rauenstein.&nbsp; F\u00fcr diesen Teil ist Trittsicherheit und Schwindelfreiheit von Vorteil. Unter Benutzung von Leitern, Treppen und Stahlrosten geht es dann 1km \u00fcber den Raunsteingrad bis zur Berggastst\u00e4tte mit herrlichen Blicken hin\u00fcber auf die andere Elbseite zur Bastei.<\/p>\n<\/div>\n<\/div>\n\n\n\n<p>Nachdem wir uns nun gest\u00e4rkt hatten ging es nur noch bergab zur Elbe nach Rathen. Am Bahnhof vorbei zur F\u00e4hre. Zwischen Rathen und Dresden gibt es eine direkte S-Bahn Verbindung im 30 Minuten Takt.<\/p>\n\n\n\nngg_shortcode_39_placeholder\n\n\n\n<p><\/p>\n\n\n\n<p><\/p>\n\n\n\n<div class=\"su-box su-box-style-default\" id=\"\" style=\"border-color:#000000;border-radius:3px;max-width:none\"><div class=\"su-box-title\" style=\"background-color:#333333;color:#FFFFFF;border-top-left-radius:1px;border-top-right-radius:1px\">Unsere Wanderungen<\/div><div class=\"su-box-content su-u-clearfix su-u-trim\" style=\"border-bottom-left-radius:1px;border-bottom-right-radius:1px\">\n\n\n\n<figure class=\"wp-block-table\"><table><tbody><tr><td>ngg_shortcode_40_placeholder<\/td><td>vom Kurort Rathen auf die Bastei weiter \u00fcber die &#8222;Schwedenl\u00f6cher&#8220; zur\u00fcck via  Amselsee nach Rathen<br><a class=\"maxbutton-4 maxbutton maxbutton-side-menu-button-270\" title=\"Side-Menu-BUTTON (270 px)\" href=\"\/WP\/reisen\/saechsische-schweiz\/2\/\" data-maxbuttoncounter=\"{&quot;button_id&quot;:&quot;4&quot;,&quot;url&quot;:&quot;\\\/WP\\\/reisen\\\/saechsische-schweiz\\\/2\\\/&quot;,&quot;check&quot;:&quot;8NmaOlbg&quot;}\" data-maxbuttonpage=\"{&quot;id&quot;:3298,&quot;type&quot;:&quot;post&quot;}\"><span class='mb-text' >Bastei und Schwedenl\u00f6cher<\/span><\/a><\/td><\/tr><tr><td>ngg_shortcode_41_placeholder<\/td><td>vom Parkplatz Ostrau zu den Schrammsteinen<br><a class=\"maxbutton-4 maxbutton maxbutton-side-menu-button-270\" title=\"Side-Menu-BUTTON (270 px)\" href=\"\/WP\/reisen\/saechsische-schweiz\/3\/\" data-maxbuttoncounter=\"{&quot;button_id&quot;:&quot;4&quot;,&quot;url&quot;:&quot;\\\/WP\\\/reisen\\\/saechsische-schweiz\\\/3\\\/&quot;,&quot;check&quot;:&quot;lEQEQgSj&quot;}\" data-maxbuttonpage=\"{&quot;id&quot;:3298,&quot;type&quot;:&quot;post&quot;}\"><span class='mb-text' >Ostrau zu den Schrammsteinen<\/span><\/a><\/td><\/tr><tr><td>ngg_shortcode_42_placeholder<\/td><td>von Rathen entlang des Amselsee, weiter \u00fcber den Pionier- und Knotenweg zum Gamrig<br><a class=\"maxbutton-4 maxbutton maxbutton-side-menu-button-270\" title=\"Side-Menu-BUTTON (270 px)\" href=\"\/WP\/reisen\/saechsische-schweiz\/4\/\" data-maxbuttoncounter=\"{&quot;button_id&quot;:&quot;4&quot;,&quot;url&quot;:&quot;\\\/WP\\\/reisen\\\/saechsische-schweiz\\\/4\\\/&quot;,&quot;check&quot;:&quot;eGeCX5rC&quot;}\" data-maxbuttonpage=\"{&quot;id&quot;:3298,&quot;type&quot;:&quot;post&quot;}\"><span class='mb-text' >via Amselsee zum Gamrig<\/span><\/a><\/td><\/tr><tr><td>ngg_shortcode_43_placeholder<\/td><td>am Elbufer von Rathen zur Stadt Wehlen und auf der anderen Elbseite \u00fcber den Rauenstein zur\u00fcck zum Kurort Rathen<br><a class=\"maxbutton-4 maxbutton maxbutton-side-menu-button-270\" title=\"Side-Menu-BUTTON (270 px)\" href=\"\/WP\/reisen\/saechsische-schweiz\/5\/\" data-maxbuttoncounter=\"{&quot;button_id&quot;:&quot;4&quot;,&quot;url&quot;:&quot;\\\/WP\\\/reisen\\\/saechsische-schweiz\\\/5\\\/&quot;,&quot;check&quot;:&quot;5uK8BPfx&quot;}\" data-maxbuttonpage=\"{&quot;id&quot;:3298,&quot;type&quot;:&quot;post&quot;}\"><span class='mb-text' >Stadt Wehlen und Rauenstein<\/span><\/a><\/td><\/tr><tr><td>ngg_shortcode_44_placeholder<\/td><td>Mit der Kirnitzschtalbahn von Bad Schandau zu den Lichtenhainer Wasserf\u00e4llen und dann zu Fu\u00df in den Kuhstall<br><a class=\"maxbutton-4 maxbutton maxbutton-side-menu-button-270\" title=\"Side-Menu-BUTTON (270 px)\" href=\"\/WP\/reisen\/saechsische-schweiz\/6\/\" data-maxbuttoncounter=\"{&quot;button_id&quot;:&quot;4&quot;,&quot;url&quot;:&quot;\\\/WP\\\/reisen\\\/saechsische-schweiz\\\/6\\\/&quot;,&quot;check&quot;:&quot;4HxEelFG&quot;}\" data-maxbuttonpage=\"{&quot;id&quot;:3298,&quot;type&quot;:&quot;post&quot;}\"><span class='mb-text' >Kirnitzschtalbahn zum Kuhstall<\/span><\/a><\/td><\/tr><tr><td>ngg_shortcode_45_placeholder<\/td><td>Vom Kurort Raten via Bastei, Steinener Tisch und Teufelsgrund nach Stadt Wehlen und am Elbufer zur\u00fcck nach Rathen<br><a class=\"maxbutton-4 maxbutton maxbutton-side-menu-button-270\" title=\"Side-Menu-BUTTON (270 px)\" href=\"\/WP\/reisen\/saechsische-schweiz\/7\/\" data-maxbuttoncounter=\"{&quot;button_id&quot;:&quot;4&quot;,&quot;url&quot;:&quot;\\\/WP\\\/reisen\\\/saechsische-schweiz\\\/7\\\/&quot;,&quot;check&quot;:&quot;Jka1ssBy&quot;}\" data-maxbuttonpage=\"{&quot;id&quot;:3298,&quot;type&quot;:&quot;post&quot;}\"><span class='mb-text' >Bastei - Steinener Tisch<\/span><\/a><\/td><\/tr><\/tbody><\/table><\/figure>\n\n\n\n<\/div><\/div>\n\n\n\n<div class=\"su-divider su-divider-style-default\" style=\"margin:20px 0;border-width:3px;border-color:#74250C\"><a href=\"#\" style=\"color:#999999\"><\/a><\/div>\n\n\n\n<p><\/p>\n\n\n\n<!--nextpage-->\n\n\n\n<h4 class=\"wp-block-heading\" id=\"Kuhstall\">Kirnitzschtalbahn zum Kuhstall<\/h4>\n\n\n\n<p>Von Bad Schandau mit der Bimmelbahn zur Endhaltestelle und zu Fu\u00df zum Kuhstall<\/p>\n\n\n\n<div style=\"min-width: 260px; max-width: 700px\"><script type=\"text\/javascript\" src=\"https:\/\/www.outdooractive.com\/de\/embed\/178144588\/js?mw=false\"><\/script><\/div>\n\n\n<p>&nbsp;<\/p>\n<p>An diesem, unserem 5. Tag in der S\u00e4chsischen Schweiz fuhren wir erst mit dem Auto elbaufw\u00e4rts bis nach Bad Schandau. Parkpl\u00e4tze gibt es am Elbufer gen\u00fcgend. Nach einem kleinen Bummel durch die Altstadt begaben wir uns dann zur Anfangshaltestelle Kurpark der <a href=\"https:\/\/de.wikipedia.org\/wiki\/Kirnitzschtalbahn\" target=\"_blank\" rel=\"noopener\">Kirnitzschtalbahn<\/a>. Mit der Bahn geht es dann zur etwas \u00fcber 8 km entfernten Endhaltestelle <a title=\"Lichtenhainer Wasserfall\" href=\"https:\/\/de.wikipedia.org\/wiki\/Lichtenhainer_Wasserfall\">Lichtenhainer Wasserfall.<\/a> Die Fahrt mit dieser &#8222;Bimmelbahn&#8220;, welche 1898 in Betrieb ging, dauert ca. 25 Minuten.&nbsp;&nbsp;<br>Von hier f\u00fchrt dann ein sch\u00f6ner nicht ganz 2 km lange Wanderweg zum Felsentor am Kuhstall.&nbsp;<\/p>\n<p>Der Kuhstall (H\u00f6hle mit Aussicht) ist ein 11 Meter hohes, 17 Meter breites, und 24 Meter tiefes Felsentor. Sein Name ist wahrscheinlich w\u00e4hrend des Drei\u00dfigj\u00e4hrigen Krieges entstanden, da in dem sehr breiten Felsentor die ans\u00e4ssigen Bewohner ihr Vieh vor den schwedischen Soldaten versteckt haben.<\/p>\n<p>Durchquert man dieses Felsentor, gelangt man zu einem tollen Ausblickspunkt \u00fcber die s\u00e4chsische Felslandschaft. Zwischenzeitlich ist leider fast die H\u00e4lfte des dortigen Fichtenwalds abgestorben. Statt sattem gr\u00fcn sind viele der B\u00e4ume im Tal abgesorben und recken die braunen \u00c4ste ohne Nadeln in den Himmel.<\/p>\n<p>Am Eingang des Felsentors befindet sich die historische <a href=\"https:\/\/www.berggast.de\/kuhstall\/\" target=\"_blank\" rel=\"noopener\">Bergwirtschaft Kuhstall<\/a>, welche zur St\u00e4rkung einl\u00e4dt.&nbsp;<\/p>\n<p>Auf dem R\u00fcckweg w\u00e4hlten wir dann die Route entlang der &#8222;alten Strasse&#8220; zum Knechtsbachtal. Von dort geht es dann gem\u00fctlich das Kirnitzschtal abw\u00e4rts bis zu Haltestelle der Bimmelbahn.<\/p>\n<p>&nbsp;<\/p>\n\n\nngg_shortcode_46_placeholder\n\n\n<p><a class=\"ngg-simplelightbox\" title=\" \" href=\"https:\/\/uk-waldmann.de\/WP\/reisen\/wp-content\/uploads\/sites\/12\/nggallery\/de-elbsandstein\/2020-07-17-Elbsandstein-034.JPG\" rel=\"\" data-image-id=\"983\" data-src=\"https:\/\/uk-waldmann.de\/WP\/reisen\/wp-content\/uploads\/sites\/12\/nggallery\/de-elbsandstein\/2020-07-17-Elbsandstein-034.JPG\" data-thumbnail=\"https:\/\/uk-waldmann.de\/WP\/reisen\/wp-content\/uploads\/sites\/12\/nggallery\/de-elbsandstein\/thumbs\/thumbs_2020-07-17-Elbsandstein-034.JPG\" data-title=\"2020-07-17-Elbsandstein-034\" data-description=\" \"><img decoding=\"async\" class=\"ngg-singlepic ngg-left alignleft\" src=\"https:\/\/uk-waldmann.de\/WP\/reisen\/wp-content\/uploads\/sites\/12\/nggallery\/de-elbsandstein\/thumbs\/thumbs_2020-07-17-Elbsandstein-034.JPG\" alt=\"2020-07-17-Elbsandstein-034\"><\/a>Auf dem R\u00fcckweg entdeckten wir an der kleinen Kreuzung im Kurort Strichmarkierungen an einem Haus, welche den Wasserstand der letzten Elbehochwasser aufzeigen.<\/p>\n<p>&nbsp;<\/p>\n<p>Am Abend konnten wir dann von unserem Balkon aus noch eine kleine Feuerwehr\u00fcbung der Freiwilligen Feuerwehr des Kurort Rathen beobachten.<\/p>\nngg_shortcode_47_placeholder\n\n\n<div class=\"su-box su-box-style-default\" id=\"\" style=\"border-color:#000000;border-radius:3px;max-width:none\"><div class=\"su-box-title\" style=\"background-color:#333333;color:#FFFFFF;border-top-left-radius:1px;border-top-right-radius:1px\">Unsere Wanderungen<\/div><div class=\"su-box-content su-u-clearfix su-u-trim\" style=\"border-bottom-left-radius:1px;border-bottom-right-radius:1px\">\n\n\n\n<figure class=\"wp-block-table\"><table><tbody><tr><td>ngg_shortcode_48_placeholder<\/td><td>vom Kurort Rathen auf die Bastei weiter \u00fcber die &#8222;Schwedenl\u00f6cher&#8220; zur\u00fcck via  Amselsee nach Rathen<br><a class=\"maxbutton-4 maxbutton maxbutton-side-menu-button-270\" title=\"Side-Menu-BUTTON (270 px)\" href=\"\/WP\/reisen\/saechsische-schweiz\/2\/\" data-maxbuttoncounter=\"{&quot;button_id&quot;:&quot;4&quot;,&quot;url&quot;:&quot;\\\/WP\\\/reisen\\\/saechsische-schweiz\\\/2\\\/&quot;,&quot;check&quot;:&quot;8NmaOlbg&quot;}\" data-maxbuttonpage=\"{&quot;id&quot;:3298,&quot;type&quot;:&quot;post&quot;}\"><span class='mb-text' >Bastei und Schwedenl\u00f6cher<\/span><\/a><\/td><\/tr><tr><td>ngg_shortcode_49_placeholder<\/td><td>vom Parkplatz Ostrau zu den Schrammsteinen<br><a class=\"maxbutton-4 maxbutton maxbutton-side-menu-button-270\" title=\"Side-Menu-BUTTON (270 px)\" href=\"\/WP\/reisen\/saechsische-schweiz\/3\/\" data-maxbuttoncounter=\"{&quot;button_id&quot;:&quot;4&quot;,&quot;url&quot;:&quot;\\\/WP\\\/reisen\\\/saechsische-schweiz\\\/3\\\/&quot;,&quot;check&quot;:&quot;lEQEQgSj&quot;}\" data-maxbuttonpage=\"{&quot;id&quot;:3298,&quot;type&quot;:&quot;post&quot;}\"><span class='mb-text' >Ostrau zu den Schrammsteinen<\/span><\/a><\/td><\/tr><tr><td>ngg_shortcode_50_placeholder<\/td><td>von Rathen entlang des Amselsee, weiter \u00fcber den Pionier- und Knotenweg zum Gamrig<br><a class=\"maxbutton-4 maxbutton maxbutton-side-menu-button-270\" title=\"Side-Menu-BUTTON (270 px)\" href=\"\/WP\/reisen\/saechsische-schweiz\/4\/\" data-maxbuttoncounter=\"{&quot;button_id&quot;:&quot;4&quot;,&quot;url&quot;:&quot;\\\/WP\\\/reisen\\\/saechsische-schweiz\\\/4\\\/&quot;,&quot;check&quot;:&quot;eGeCX5rC&quot;}\" data-maxbuttonpage=\"{&quot;id&quot;:3298,&quot;type&quot;:&quot;post&quot;}\"><span class='mb-text' >via Amselsee zum Gamrig<\/span><\/a><\/td><\/tr><tr><td>ngg_shortcode_51_placeholder<\/td><td>am Elbufer von Rathen zur Stadt Wehlen und auf der anderen Elbseite \u00fcber den Rauenstein zur\u00fcck zum Kurort Rathen<br><a class=\"maxbutton-4 maxbutton maxbutton-side-menu-button-270\" title=\"Side-Menu-BUTTON (270 px)\" href=\"\/WP\/reisen\/saechsische-schweiz\/5\/\" data-maxbuttoncounter=\"{&quot;button_id&quot;:&quot;4&quot;,&quot;url&quot;:&quot;\\\/WP\\\/reisen\\\/saechsische-schweiz\\\/5\\\/&quot;,&quot;check&quot;:&quot;5uK8BPfx&quot;}\" data-maxbuttonpage=\"{&quot;id&quot;:3298,&quot;type&quot;:&quot;post&quot;}\"><span class='mb-text' >Stadt Wehlen und Rauenstein<\/span><\/a><\/td><\/tr><tr><td>ngg_shortcode_52_placeholder<\/td><td>Mit der Kirnitzschtalbahn von Bad Schandau zu den Lichtenhainer Wasserf\u00e4llen und dann zu Fu\u00df in den Kuhstall<br><a class=\"maxbutton-4 maxbutton maxbutton-side-menu-button-270\" title=\"Side-Menu-BUTTON (270 px)\" href=\"\/WP\/reisen\/saechsische-schweiz\/6\/\" data-maxbuttoncounter=\"{&quot;button_id&quot;:&quot;4&quot;,&quot;url&quot;:&quot;\\\/WP\\\/reisen\\\/saechsische-schweiz\\\/6\\\/&quot;,&quot;check&quot;:&quot;4HxEelFG&quot;}\" data-maxbuttonpage=\"{&quot;id&quot;:3298,&quot;type&quot;:&quot;post&quot;}\"><span class='mb-text' >Kirnitzschtalbahn zum Kuhstall<\/span><\/a><\/td><\/tr><tr><td>ngg_shortcode_53_placeholder<\/td><td>Vom Kurort Raten via Bastei, Steinener Tisch und Teufelsgrund nach Stadt Wehlen und am Elbufer zur\u00fcck nach Rathen<br><a class=\"maxbutton-4 maxbutton maxbutton-side-menu-button-270\" title=\"Side-Menu-BUTTON (270 px)\" href=\"\/WP\/reisen\/saechsische-schweiz\/7\/\" data-maxbuttoncounter=\"{&quot;button_id&quot;:&quot;4&quot;,&quot;url&quot;:&quot;\\\/WP\\\/reisen\\\/saechsische-schweiz\\\/7\\\/&quot;,&quot;check&quot;:&quot;Jka1ssBy&quot;}\" data-maxbuttonpage=\"{&quot;id&quot;:3298,&quot;type&quot;:&quot;post&quot;}\"><span class='mb-text' >Bastei - Steinener Tisch<\/span><\/a><\/td><\/tr><\/tbody><\/table><\/figure>\n\n\n\n<\/div><\/div>\n\n\n\n<p><\/p>\n\n\n\n<div class=\"su-divider su-divider-style-default\" style=\"margin:20px 0;border-width:3px;border-color:#74250C\"><a href=\"#\" style=\"color:#999999\"><\/a><\/div>\n\n\n\n<p><\/p>\n\n\n\n<!--nextpage-->\n\n\n\n<h4 class=\"wp-block-heading\" id=\"SteinernerTisch\">Bastei &#8211; Steinerner Tisch &#8211; H\u00f6llengrund nach Stadt Wehlen<\/h4>\n\n\n\n<p>Bastei &#8211; Steinerner Tisch &#8211; H\u00f6llengrund<\/p>\n\n\n\n<div style=\"min-width: 260px; max-width: 700px\"><script type=\"text\/javascript\" src=\"https:\/\/www.outdooractive.com\/de\/embed\/178201330\/js?mw=false&usr=1q4jx1&key=USR-IBHYLG6M-EMWGKPJA-4OSST9GY\"><\/script><\/div>\n\n\n<nav class=\"oax_detail_tabs oax-detail-tabs oax_grid_8 oax_alpha\">\n<p><span style=\"font-size: 1rem;\">Dieser herrliche Rundweg, beginnend vom Kurort Rathen hinauf zur Bastei und weiter zum &#8222;Steinernen Tisch&#8220; von K\u00f6nig August dem Starken war unsere letzte Wanderung in diesem Coronasommer in der S\u00e4chsischen Schweiz. Vom Steinernen Tisch ging es dann weiter durch den Teufelsgrund und Wehlener Grund (Teil des Malerweges) zur Stadt Wehlen und am Elbufer zur\u00fcck nach Rathen.<\/span><\/p>\n<\/nav>\n<div class=\"oax_detail_tabs oax_detail_tabs_content oax_grid_8 oax_alpha\">\n<div class=\"oax_marg_top_22\">&nbsp;<\/div>\n<\/div>\n\n\n<div class=\"wp-block-columns is-layout-flex wp-container-core-columns-is-layout-9d6595d7 wp-block-columns-is-layout-flex\">\n<div class=\"wp-block-column is-layout-flow wp-block-column-is-layout-flow\">\n<p>August der Starke lie\u00df 1710 an dieser markanten Wegkreuzung anl\u00e4sslich eines kurf\u00fcrstlichen Essens zu einer Jagd einen steinernen Tisch bauen. Dieser kann auch vom Wanderer zur Rast benutzt werden \ud83d\ude09<\/p>\n<\/div>\n\n\n\n<div class=\"wp-block-column is-layout-flow wp-block-column-is-layout-flow\">\nngg_shortcode_54_placeholder\n<\/div>\n<\/div>\n\n\n\n<p><\/p>\n\n\n\n<p class=\"has-text-align-center has-primary-background-color has-text-color has-background\" style=\"color:#dba391\"><em>Impressionen:<\/em><br>Vom Kurort Rathen zur Bastei, zum Steinernen Tisch und \u00fcber den H\u00f6llengrund zur Stadt Wehlen und zur\u00fcck zum Kurort Rathen<\/p>\n\n\n\n<p><\/p>\n\n\n\nngg_shortcode_55_placeholder\n\n\n\n<p><\/p>\n\n\n\n<div class=\"su-box su-box-style-default\" id=\"\" style=\"border-color:#000000;border-radius:3px;max-width:none\"><div class=\"su-box-title\" style=\"background-color:#333333;color:#FFFFFF;border-top-left-radius:1px;border-top-right-radius:1px\">Unsere Wanderungen<\/div><div class=\"su-box-content su-u-clearfix su-u-trim\" style=\"border-bottom-left-radius:1px;border-bottom-right-radius:1px\">\n\n\n\n<figure class=\"wp-block-table\"><table><tbody><tr><td>ngg_shortcode_56_placeholder<\/td><td>vom Kurort Rathen auf die Bastei weiter \u00fcber die &#8222;Schwedenl\u00f6cher&#8220; zur\u00fcck via  Amselsee nach Rathen<br><a class=\"maxbutton-4 maxbutton maxbutton-side-menu-button-270\" title=\"Side-Menu-BUTTON (270 px)\" href=\"\/WP\/reisen\/saechsische-schweiz\/2\/\" data-maxbuttoncounter=\"{&quot;button_id&quot;:&quot;4&quot;,&quot;url&quot;:&quot;\\\/WP\\\/reisen\\\/saechsische-schweiz\\\/2\\\/&quot;,&quot;check&quot;:&quot;8NmaOlbg&quot;}\" data-maxbuttonpage=\"{&quot;id&quot;:3298,&quot;type&quot;:&quot;post&quot;}\"><span class='mb-text' >Bastei und Schwedenl\u00f6cher<\/span><\/a><\/td><\/tr><tr><td>ngg_shortcode_57_placeholder<\/td><td>vom Parkplatz Ostrau zu den Schrammsteinen<br><a class=\"maxbutton-4 maxbutton maxbutton-side-menu-button-270\" title=\"Side-Menu-BUTTON (270 px)\" href=\"\/WP\/reisen\/saechsische-schweiz\/3\/\" data-maxbuttoncounter=\"{&quot;button_id&quot;:&quot;4&quot;,&quot;url&quot;:&quot;\\\/WP\\\/reisen\\\/saechsische-schweiz\\\/3\\\/&quot;,&quot;check&quot;:&quot;lEQEQgSj&quot;}\" data-maxbuttonpage=\"{&quot;id&quot;:3298,&quot;type&quot;:&quot;post&quot;}\"><span class='mb-text' >Ostrau zu den Schrammsteinen<\/span><\/a><\/td><\/tr><tr><td>ngg_shortcode_58_placeholder<\/td><td>von Rathen entlang des Amselsee, weiter \u00fcber den Pionier- und Knotenweg zum Gamrig<br><a class=\"maxbutton-4 maxbutton maxbutton-side-menu-button-270\" title=\"Side-Menu-BUTTON (270 px)\" href=\"\/WP\/reisen\/saechsische-schweiz\/4\/\" data-maxbuttoncounter=\"{&quot;button_id&quot;:&quot;4&quot;,&quot;url&quot;:&quot;\\\/WP\\\/reisen\\\/saechsische-schweiz\\\/4\\\/&quot;,&quot;check&quot;:&quot;eGeCX5rC&quot;}\" data-maxbuttonpage=\"{&quot;id&quot;:3298,&quot;type&quot;:&quot;post&quot;}\"><span class='mb-text' >via Amselsee zum Gamrig<\/span><\/a><\/td><\/tr><tr><td>ngg_shortcode_59_placeholder<\/td><td>am Elbufer von Rathen zur Stadt Wehlen und auf der anderen Elbseite \u00fcber den Rauenstein zur\u00fcck zum Kurort Rathen<br><a class=\"maxbutton-4 maxbutton maxbutton-side-menu-button-270\" title=\"Side-Menu-BUTTON (270 px)\" href=\"\/WP\/reisen\/saechsische-schweiz\/5\/\" data-maxbuttoncounter=\"{&quot;button_id&quot;:&quot;4&quot;,&quot;url&quot;:&quot;\\\/WP\\\/reisen\\\/saechsische-schweiz\\\/5\\\/&quot;,&quot;check&quot;:&quot;5uK8BPfx&quot;}\" data-maxbuttonpage=\"{&quot;id&quot;:3298,&quot;type&quot;:&quot;post&quot;}\"><span class='mb-text' >Stadt Wehlen und Rauenstein<\/span><\/a><\/td><\/tr><tr><td>ngg_shortcode_60_placeholder<\/td><td>Mit der Kirnitzschtalbahn von Bad Schandau zu den Lichtenhainer Wasserf\u00e4llen und dann zu Fu\u00df in den Kuhstall<br><a class=\"maxbutton-4 maxbutton maxbutton-side-menu-button-270\" title=\"Side-Menu-BUTTON (270 px)\" href=\"\/WP\/reisen\/saechsische-schweiz\/6\/\" data-maxbuttoncounter=\"{&quot;button_id&quot;:&quot;4&quot;,&quot;url&quot;:&quot;\\\/WP\\\/reisen\\\/saechsische-schweiz\\\/6\\\/&quot;,&quot;check&quot;:&quot;4HxEelFG&quot;}\" data-maxbuttonpage=\"{&quot;id&quot;:3298,&quot;type&quot;:&quot;post&quot;}\"><span class='mb-text' >Kirnitzschtalbahn zum Kuhstall<\/span><\/a><\/td><\/tr><tr><td>ngg_shortcode_61_placeholder<\/td><td>Vom Kurort Raten via Bastei, Steinener Tisch und Teufelsgrund nach Stadt Wehlen und am Elbufer zur\u00fcck nach Rathen<br><a class=\"maxbutton-4 maxbutton maxbutton-side-menu-button-270\" title=\"Side-Menu-BUTTON (270 px)\" href=\"\/WP\/reisen\/saechsische-schweiz\/7\/\" data-maxbuttoncounter=\"{&quot;button_id&quot;:&quot;4&quot;,&quot;url&quot;:&quot;\\\/WP\\\/reisen\\\/saechsische-schweiz\\\/7\\\/&quot;,&quot;check&quot;:&quot;Jka1ssBy&quot;}\" data-maxbuttonpage=\"{&quot;id&quot;:3298,&quot;type&quot;:&quot;post&quot;}\"><span class='mb-text' >Bastei - Steinener Tisch<\/span><\/a><\/td><\/tr><\/tbody><\/table><figcaption class=\"wp-element-caption\"> <\/figcaption><\/figure>\n\n\n\n<\/div><\/div>\n\n\n\n<p><\/p>\n\n\n\n<div class=\"su-divider su-divider-style-default\" style=\"margin:20px 0;border-width:3px;border-color:#74250C\"><a href=\"#\" style=\"color:#999999\"><\/a><\/div>\n\n\n\n<!--nextpage-->\n\n\n\n<h4 class=\"has-text-align-center wp-block-heading\" id=\"SteinernerTisch\">Elbsandstein Gebirge, alle Bilder<\/h4>\n\n\n\nngg_shortcode_62_placeholder\n\n\n\n<p><\/p>\n","protected":false},"excerpt":{"rendered":"<p>Coronabedingt mussten wir diesen f\u00fcr Mai geplanten Wanderurlaub auf den Juli 2020 verschieben. Bereits im Januar hatten wir uns entschieden dieses Jahr endlich mal ins [&#8230;]<\/p>\n","protected":false},"author":1,"featured_media":3582,"comment_status":"closed","ping_status":"open","sticky":false,"template":"","format":"standard","meta":{"_lmt_disableupdate":"","_lmt_disable":"","ngg_post_thumbnail":0,"footnotes":""},"categories":[24,48],"tags":[132],"class_list":["post-3298","post","type-post","status-publish","format-standard","has-post-thumbnail","hentry","category-deutschland","category-elbsandstein","tag-post_saechsischeschweiz"],"modified_by":"Wald.KL","_links":{"self":[{"href":"https:\/\/uk-waldmann.de\/WP\/reisen\/wp-json\/wp\/v2\/posts\/3298","targetHints":{"allow":["GET"]}}],"collection":[{"href":"https:\/\/uk-waldmann.de\/WP\/reisen\/wp-json\/wp\/v2\/posts"}],"about":[{"href":"https:\/\/uk-waldmann.de\/WP\/reisen\/wp-json\/wp\/v2\/types\/post"}],"author":[{"embeddable":true,"href":"https:\/\/uk-waldmann.de\/WP\/reisen\/wp-json\/wp\/v2\/users\/1"}],"replies":[{"embeddable":true,"href":"https:\/\/uk-waldmann.de\/WP\/reisen\/wp-json\/wp\/v2\/comments?post=3298"}],"version-history":[{"count":107,"href":"https:\/\/uk-waldmann.de\/WP\/reisen\/wp-json\/wp\/v2\/posts\/3298\/revisions"}],"predecessor-version":[{"id":6407,"href":"https:\/\/uk-waldmann.de\/WP\/reisen\/wp-json\/wp\/v2\/posts\/3298\/revisions\/6407"}],"wp:featuredmedia":[{"embeddable":true,"href":"https:\/\/uk-waldmann.de\/WP\/reisen\/wp-json\/wp\/v2\/media\/3582"}],"wp:attachment":[{"href":"https:\/\/uk-waldmann.de\/WP\/reisen\/wp-json\/wp\/v2\/media?parent=3298"}],"wp:term":[{"taxonomy":"category","embeddable":true,"href":"https:\/\/uk-waldmann.de\/WP\/reisen\/wp-json\/wp\/v2\/categories?post=3298"},{"taxonomy":"post_tag","embeddable":true,"href":"https:\/\/uk-waldmann.de\/WP\/reisen\/wp-json\/wp\/v2\/tags?post=3298"}],"curies":[{"name":"wp","href":"https:\/\/api.w.org\/{rel}","templated":true}]}}