{"id":4041,"date":"2022-01-15T00:00:07","date_gmt":"2022-01-14T23:00:07","guid":{"rendered":"http:\/\/uk-waldmann.de\/WP\/reisen\/?p=4041"},"modified":"2023-01-20T10:48:44","modified_gmt":"2023-01-20T09:48:44","slug":"lilling-quelle","status":"publish","type":"post","link":"https:\/\/uk-waldmann.de\/WP\/reisen\/lilling-quelle\/","title":{"rendered":"Lilling Quelle und Sinterterrasse"},"content":{"rendered":"\n<p>Franken ist sch\u00f6n. <br>Franken ist aber auch anders. <br>Die Sinterstufen im Lillachtal sind ein klarer Beweis daf\u00fcr.<\/p>\n\n\n\n<p>Den kleinen Rundweg von ca. 2 Stunden und 6 km kann man bequem in Weisenohe beginnen zu laufen, wenn die (Gr\u00e4fenberg-) Bahn zur Anreise genutzt wird. Wer mit dem Auto anreist kann auch die &#8222;Hochebene&#8220; zum Start nutzen, und sein Auto am Ortsende von Lilling abstellen.<\/p>\n\n\n<p>Wir starteten am Ortsende von Lilling und wanderten zuerst etwas begab zur Lilling Quelle. Auf einer kleinen Lichtung mit einem kleinen Unterstand und Hinweistafeln entspringt direkt aus dem Felsen die Lillach.<\/p>\n<p><img loading=\"lazy\" decoding=\"async\" class=\"ngg-singlepic ngg-none alignleft\" src=\"https:\/\/uk-waldmann.de\/WP\/reisen\/wp-content\/uploads\/sites\/12\/nggallery\/de-lillachquelle\/2021-04-22_Lillachtal_010.JPG\" alt=\"2021-04-22_Lillachtal_010\" width=\"324\" height=\"216\">Von dort halten wir uns links und laufen am Hang entlang bis rechts im Tal dann Wei\u00dfenlohe erblicken. Eigentlich wollten wir dort eine kleine Brotzeit zu uns nehmen, oder zumindest Kaffee trinken und hausgemachten Kuchen essen. Leider wurde daraus aber nichts. Weder einen B\u00e4cker noch einen Metzger oder eine andere Einkaufsm\u00f6glichkeit hatte der Ort zu bieten.&nbsp; Nachdem wir den Ort untersucht hatten begaben wir uns zur\u00fcck zur Lillach und und wanderten dort, zuerst noch durch den Ort, dann an sch\u00f6nen Fischweihern vorbei zu den Sinterterrassen, dem Ziel vieler Wanderer.<\/p>\n<p>Leider hatten wir eine wasserarme Zeit erwischt, so dass nur sehr wenig Wasser \u00fcber die mit Moos bewachsenen Steine herunterkam.<\/p>\nngg_shortcode_0_placeholder\n[Nachfolgend Quelle: Wikipedia]\n<p><img loading=\"lazy\" decoding=\"async\" class=\"ngg-singlepic ngg-none alignleft\" src=\"https:\/\/uk-waldmann.de\/WP\/reisen\/wp-content\/uploads\/sites\/12\/nggallery\/de-lillachquelle\/2021-04-22_Lillachtal_002.JPG\" alt=\"2021-04-22_Lillachtal_002\" width=\"307\" height=\"204\">Die Lillach entspringt \u00f6stlich von <a title=\"Wei\u00dfenohe\" href=\"https:\/\/de.wikipedia.org\/wiki\/Wei%C3%9Fenohe\">Wei\u00dfenohe<\/a>&nbsp;in der Gemarkung&nbsp;<a title=\"Lilling\" href=\"https:\/\/de.wikipedia.org\/wiki\/Lilling\">Lilling<\/a>&nbsp;der Gemeinde Gr\u00e4fenberg und s\u00fcdlich des Dornberges (503&nbsp;m) einer&nbsp;<a title=\"Karstquelle\" href=\"https:\/\/de.wikipedia.org\/wiki\/Karstquelle\">Karstquelle<\/a>, die mindestens 24, im Mittel 50 und h\u00f6chstens 108&nbsp;l\/s&nbsp;<a title=\"Sch\u00fcttung (Hydrologie)\" href=\"https:\/\/de.wikipedia.org\/wiki\/Sch%C3%BCttung_(Hydrologie)\">sch\u00fcttet<\/a>. Das Wasser quillt auf&nbsp;463&nbsp;<abbr title=\"Meter \u00fcber Normalnull\">m&nbsp;\u00fc.&nbsp;NN<\/abbr>&nbsp;aus einer kleinen Felsh\u00f6hle im&nbsp;<a title=\"Oberjura\" href=\"https:\/\/de.wikipedia.org\/wiki\/Oberjura\">Oberjura<\/a>&nbsp;der&nbsp;<a title=\"Fr\u00e4nkische Alb\" href=\"https:\/\/de.wikipedia.org\/wiki\/Fr%C3%A4nkische_Alb\">Fr\u00e4nkischen Alb<\/a>. Einzugsgebiet sind die unmittelbar \u00f6stlich liegenden Hochfl\u00e4chen. Die Schichtquelle ist vom&nbsp;<a title=\"Bayerisches Landesamt f\u00fcr Umwelt\" href=\"https:\/\/de.wikipedia.org\/wiki\/Bayerisches_Landesamt_f%C3%BCr_Umwelt\">Bayerischen Landesamt f\u00fcr Umwelt<\/a>&nbsp;als Geotop (474Q004)<sup id=\"cite_ref-3\" class=\"reference\"><a href=\"https:\/\/de.wikipedia.org\/wiki\/Lillach#cite_note-3\">[3]<\/a><\/sup>&nbsp;ausgewiesen.<\/p>\n<p>\u00dcber die&nbsp;<a title=\"Ostern\" href=\"https:\/\/de.wikipedia.org\/wiki\/Ostern\">Osterfeiertage<\/a>&nbsp;wird die Lillachquelle als&nbsp;<a title=\"Osterbrunnen\" href=\"https:\/\/de.wikipedia.org\/wiki\/Osterbrunnen\">Osterbrunnen<\/a>&nbsp;geschm\u00fcckt.<\/p>\n<p>Die Lillach flie\u00dft nach ihrer Quelle \u00fcber Sinterterrassen oder auch&nbsp;<a title=\"Sinterstufen\" href=\"https:\/\/de.wikipedia.org\/wiki\/Sinterstufen\">Sinterstufen<\/a>&nbsp;genannte&nbsp;<a title=\"Kalktuff\" href=\"https:\/\/de.wikipedia.org\/wiki\/Kalktuff\">Kalktuffformationen<\/a>.<\/p>\n<p><img loading=\"lazy\" decoding=\"async\" class=\"ngg-singlepic ngg-none alignright\" src=\"https:\/\/uk-waldmann.de\/WP\/reisen\/wp-content\/uploads\/sites\/12\/nggallery\/de-lillachquelle\/2021-04-22_Lillachtal_023.JPG\" alt=\"2021-04-22_Lillachtal_023\" width=\"295\" height=\"196\">Der Bach vereinigt sich nach knapp drei Kilometern Westlauf am Ortsrand von&nbsp;<a title=\"Wei\u00dfenohe\" href=\"https:\/\/de.wikipedia.org\/wiki\/Wei%C3%9Fenohe\">Wei\u00dfenohe<\/a>&nbsp;auf einer H\u00f6he von&nbsp;350&nbsp;<abbr title=\"Meter \u00fcber Normalh\u00f6hennull\">m&nbsp;\u00fc.&nbsp;NHN<\/abbr>&nbsp;mit der von Norden kommenden, wenig l\u00e4ngeren&nbsp;<a title=\"Kalkach\" href=\"https:\/\/de.wikipedia.org\/wiki\/Kalkach\">Kalkach<\/a>&nbsp;zum nach S\u00fcdwesten flie\u00dfenden Aubach.<\/p>\n<p>Der etwa 2,8&nbsp;km lange Lauf der Lillach endet ungef\u00e4hr 113 H\u00f6henmeter unterhalb ihrer Quelle, sie hat somit ein mittleres&nbsp;<a title=\"Sohlgef\u00e4lle\" href=\"https:\/\/de.wikipedia.org\/wiki\/Sohlgef%C3%A4lle\">Sohlgef\u00e4lle<\/a>&nbsp;von 41&nbsp;\u2030.<\/p>\n<p style=\"text-align: right;\">[Quelle: Wikipedia]\n\n\nngg_shortcode_1_placeholder\n\n\n\n<p class=\"has-text-align-center\"> <div style=\"min-width: 260px; max-width: 800px\"><script type=\"text\/javascript\" src=\"https:\/\/www.outdooractive.com\/de\/embed\/207054123\/js?mw=false\"><\/script><\/div>\n\n\n\n<hr class=\"wp-block-separator has-css-opacity\"\/>\n\n\n\n<p class=\"has-text-align-center has-primary-color has-text-color has-background has-medium-font-size\" style=\"background-color:#f5e5e0\"><strong>UKWs Reisen: Unsere neusten Beitr\u00e4ge:<\/strong><\/p>\n\n\n<div class=\"wp-block-themezee-magazine-blocks-grid tz-magazine-block \"><div class=\"tz-magazine-grid-columns tz-magazine-grid-columns-4\"><div class=\"tz-post-wrap\"><article id=\"post-6729\" class=\"tz-magazine-post post-6729 post tz-type-post status-publish format-standard has-post-thumbnail hentry category-europa category-gb-kanalinsel category-sark tag-post_sark\"><figure class=\"tz-entry-image entry-image\"><a href=\"https:\/\/uk-waldmann.de\/WP\/reisen\/sark-inselmomente-zwischen-felsen-ruhe\/\" rel=\"bookmark\"><img loading=\"lazy\" decoding=\"async\" width=\"1067\" height=\"800\" src=\"https:\/\/uk-waldmann.de\/WP\/reisen\/wp-content\/uploads\/sites\/12\/2025\/08\/nggallery_import\/2005_Cornwall-Sark_0618.JPG\" class=\"attachment-full size-full wp-post-image\" alt=\"\" \/><\/a><\/figure><header class=\"tz-entry-header entry-header\"><h2 class=\"tz-entry-title entry-title\"><a href=\"https:\/\/uk-waldmann.de\/WP\/reisen\/sark-inselmomente-zwischen-felsen-ruhe\/\" rel=\"bookmark\">Sark-Home<\/a><\/h2><\/header><div class=\"tz-entry-content entry-content\"><p>Sark \u2013 Inselmomente zwischen Felsen &amp; Ruhe &nbsp; Kurz-Intro in 2\u20133 S\u00e4tzen: Was macht Sark f\u00fcr euch besonders? (Bootsanreise, Auto-frei, K\u00fcstenpfade, Hotel Stocks\u2026) \u00dcberblick &amp; <span class=\"tz-excerpt-more\">[&hellip;]<\/span><\/p><p class=\"tz-read-more read-more\"><a href=\"https:\/\/uk-waldmann.de\/WP\/reisen\/sark-inselmomente-zwischen-felsen-ruhe\/\" class=\"tz-more-link more-link\" rel=\"bookmark\">mehr lesen ,,,<\/a><\/p><\/div><\/article><\/div><div class=\"tz-post-wrap\"><article id=\"post-6155\" class=\"tz-magazine-post post-6155 post tz-type-post status-publish format-standard has-post-thumbnail hentry category-europa category-staedtereisen tag-blauegewoelbe tag-post_dresden tag-schloss tag-semperoper tag-zwinger\"><figure class=\"tz-entry-image entry-image\"><a href=\"https:\/\/uk-waldmann.de\/WP\/reisen\/dresden-entwurf\/\" rel=\"bookmark\"><img loading=\"lazy\" decoding=\"async\" width=\"1200\" height=\"800\" src=\"https:\/\/uk-waldmann.de\/WP\/reisen\/wp-content\/uploads\/sites\/12\/2025\/01\/nggallery_import\/2022-07-15_Dresden_091-cc.JPG\" class=\"attachment-full size-full wp-post-image\" alt=\"\" \/><\/a><\/figure><header class=\"tz-entry-header entry-header\"><h2 class=\"tz-entry-title entry-title\"><a href=\"https:\/\/uk-waldmann.de\/WP\/reisen\/dresden-entwurf\/\" rel=\"bookmark\">Dresden (Entwurf)<\/a><\/h2><\/header><div class=\"tz-entry-content entry-content\"><p>Eigentlich wollten wir Dresden ja schon bei unserem Aufenthalt im Elbsandsteingebirge einen Besuch abstatten. Leider hat die Zeit da nicht gereicht. So haben wir uns <span class=\"tz-excerpt-more\">[&hellip;]<\/span><\/p><p class=\"tz-read-more read-more\"><a href=\"https:\/\/uk-waldmann.de\/WP\/reisen\/dresden-entwurf\/\" class=\"tz-more-link more-link\" rel=\"bookmark\">mehr lesen ,,,<\/a><\/p><\/div><\/article><\/div><div class=\"tz-post-wrap\"><article id=\"post-5373\" class=\"tz-magazine-post post-5373 post tz-type-post status-publish format-standard has-post-thumbnail hentry category-deutschland category-schwaebische-alb tag-blaubeuern tag-blautopf tag-post_blaubeuern tag-post_schwaebische-alb tag-schoenelau\"><figure class=\"tz-entry-image entry-image\"><a href=\"https:\/\/uk-waldmann.de\/WP\/reisen\/schwabische-alb-blaubeuren\/\" rel=\"bookmark\"><img loading=\"lazy\" decoding=\"async\" width=\"1620\" height=\"1080\" src=\"https:\/\/uk-waldmann.de\/WP\/reisen\/wp-content\/uploads\/sites\/12\/2023\/02\/nggallery_import\/HP_2021-09-30_SchwaebischeAlb_014.JPG\" class=\"attachment-full size-full wp-post-image\" alt=\"\" \/><\/a><\/figure><header class=\"tz-entry-header entry-header\"><h2 class=\"tz-entry-title entry-title\"><a href=\"https:\/\/uk-waldmann.de\/WP\/reisen\/schwabische-alb-blaubeuren\/\" rel=\"bookmark\">Schw\u00e4bische Alb &#8211; Blaubeuren (Draft)<\/a><\/h2><\/header><div class=\"tz-entry-content entry-content\"><p>Wandern in der Schw\u00e4bischen Alb. Rund um den Blautopf. <span class=\"tz-excerpt-more\">[&hellip;]<\/span><\/p><p class=\"tz-read-more read-more\"><a href=\"https:\/\/uk-waldmann.de\/WP\/reisen\/schwabische-alb-blaubeuren\/\" class=\"tz-more-link more-link\" rel=\"bookmark\">mehr lesen ,,,<\/a><\/p><\/div><\/article><\/div><div class=\"tz-post-wrap\"><article id=\"post-6399\" class=\"tz-magazine-post post-6399 post tz-type-post status-publish format-standard has-post-thumbnail hentry category-europa category-gb-suedengland tag-post_bournemouth\"><figure class=\"tz-entry-image entry-image\"><a href=\"https:\/\/uk-waldmann.de\/WP\/reisen\/bournemouth\/\" rel=\"bookmark\"><img loading=\"lazy\" decoding=\"async\" width=\"1200\" height=\"800\" src=\"https:\/\/uk-waldmann.de\/WP\/reisen\/wp-content\/uploads\/sites\/12\/2025\/07\/nggallery_import\/201309_Poole_14_IMG_0056.JPG\" class=\"attachment-full size-full wp-post-image\" alt=\"\" \/><\/a><\/figure><header class=\"tz-entry-header entry-header\"><h2 class=\"tz-entry-title entry-title\"><a href=\"https:\/\/uk-waldmann.de\/WP\/reisen\/bournemouth\/\" rel=\"bookmark\">Bournemouth<\/a><\/h2><\/header><div class=\"tz-entry-content entry-content\"><p>Diese Seite befindet sich im Aufbau. Hier finden Sie Informationen, vor allem aus den Klassenfahrten der Wirtschaftsschule Erlangen nach Bournemouth, Christchurch und Pool sowie Umgebung. <span class=\"tz-excerpt-more\">[&hellip;]<\/span><\/p><p class=\"tz-read-more read-more\"><a href=\"https:\/\/uk-waldmann.de\/WP\/reisen\/bournemouth\/\" class=\"tz-more-link more-link\" rel=\"bookmark\">mehr lesen ,,,<\/a><\/p><\/div><\/article><\/div><\/div><\/div>","protected":false},"excerpt":{"rendered":"<p>Franken ist sch\u00f6n. Franken ist aber auch anders. Die Sinterstufen im Lillachtal sind ein klarer Beweis daf\u00fcr. Den kleinen Rundweg von ca. 2 Stunden und [&#8230;]<\/p>\n","protected":false},"author":1,"featured_media":4598,"comment_status":"closed","ping_status":"open","sticky":false,"template":"","format":"standard","meta":{"_lmt_disableupdate":"","_lmt_disable":"","ngg_post_thumbnail":1302,"footnotes":""},"categories":[24,91],"tags":[130],"class_list":["post-4041","post","type-post","status-publish","format-standard","has-post-thumbnail","hentry","category-deutschland","category-fraenkische-schweiz","tag-post_fraenkischeschweiz"],"modified_by":"Wald.KL","_links":{"self":[{"href":"https:\/\/uk-waldmann.de\/WP\/reisen\/wp-json\/wp\/v2\/posts\/4041","targetHints":{"allow":["GET"]}}],"collection":[{"href":"https:\/\/uk-waldmann.de\/WP\/reisen\/wp-json\/wp\/v2\/posts"}],"about":[{"href":"https:\/\/uk-waldmann.de\/WP\/reisen\/wp-json\/wp\/v2\/types\/post"}],"author":[{"embeddable":true,"href":"https:\/\/uk-waldmann.de\/WP\/reisen\/wp-json\/wp\/v2\/users\/1"}],"replies":[{"embeddable":true,"href":"https:\/\/uk-waldmann.de\/WP\/reisen\/wp-json\/wp\/v2\/comments?post=4041"}],"version-history":[{"count":36,"href":"https:\/\/uk-waldmann.de\/WP\/reisen\/wp-json\/wp\/v2\/posts\/4041\/revisions"}],"predecessor-version":[{"id":5507,"href":"https:\/\/uk-waldmann.de\/WP\/reisen\/wp-json\/wp\/v2\/posts\/4041\/revisions\/5507"}],"wp:featuredmedia":[{"embeddable":true,"href":"https:\/\/uk-waldmann.de\/WP\/reisen\/wp-json\/wp\/v2\/media\/4598"}],"wp:attachment":[{"href":"https:\/\/uk-waldmann.de\/WP\/reisen\/wp-json\/wp\/v2\/media?parent=4041"}],"wp:term":[{"taxonomy":"category","embeddable":true,"href":"https:\/\/uk-waldmann.de\/WP\/reisen\/wp-json\/wp\/v2\/categories?post=4041"},{"taxonomy":"post_tag","embeddable":true,"href":"https:\/\/uk-waldmann.de\/WP\/reisen\/wp-json\/wp\/v2\/tags?post=4041"}],"curies":[{"name":"wp","href":"https:\/\/api.w.org\/{rel}","templated":true}]}}