{"id":5373,"date":"2025-07-16T18:44:33","date_gmt":"2025-07-16T16:44:33","guid":{"rendered":"https:\/\/uk-waldmann.de\/WP\/reisen\/?p=5373"},"modified":"2025-07-23T21:44:52","modified_gmt":"2025-07-23T19:44:52","slug":"schwabische-alb-blaubeuren","status":"publish","type":"post","link":"https:\/\/uk-waldmann.de\/WP\/reisen\/schwabische-alb-blaubeuren\/","title":{"rendered":"Schw\u00e4bische Alb &#8211; Blaubeuren (Draft)"},"content":{"rendered":"\n<div class=\"sue-splash\" data-once=\"no\" data-cookie=\"sue_splash_fc380793cadf827a5b45eefb0a0ad803\" data-esc=\"yes\" data-close=\"yes\" data-onclick=\"close-bg\" data-url=\"\" data-opacity=\"0.8\" data-width=\"480\" data-style=\"sue-splash-style-light-boxed\" data-delay=\"0\"><div class=\"sue-splash-screen su-u-trim\"><br>Dieser Beitrag befindet sich im Aufbau.<br>Wir arbeiten daran weiter Texte und Bilder zu erg\u00e4nzen<br><\/div><\/div>\n\n\n\n<p>CORONA, das allgegenw\u00e4rtige Wort, die allgegenw\u00e4rtige Gefahr, auch noch im September 2021.<br>CORONA hat auch unsere Reisepl\u00e4ne 2021 beeinflusst. Zus\u00e4tzlich wollten wir auch \u00f6kologische Aspekt nicht ganz au\u00dfen vor lassen bei unserer Suche der Reiseziele. <br>Herbstzeit ist Wanderzeit. Also suchten wir einen sch\u00f6nen Platz im S\u00fcden von Deutschland. Mit unserem Wanderreiseziel Schw\u00e4bischen Alb ist uns dies sehr gut gelungen.<br>F\u00fcr ein Wanderwochenende suchten wir uns als St\u00fctzpunkt Blaubeuren mit seinem bekannten Blautopf heraus.<\/p>\n\n\n\n<p>Die sch\u00f6ne Lau, eine Sage, geschrieben von Eduard M\u00f6rike, der Blautopf und das Kloster, dazu der m\u00e4chtige Felsen mit dem Wahrzeichen, das &#8222;Gl\u00f6tzle Blei&#8220;, das ist Blaubeuern.<\/p>\n\n\n\n<div class=\"wp-block-columns is-layout-flex wp-container-core-columns-is-layout-9d6595d7 wp-block-columns-is-layout-flex\">\n<div class=\"wp-block-column is-layout-flow wp-block-column-is-layout-flow\">\n<div class=\"su-quote su-quote-style-default UKWsSU_quote_M su-quote-has-cite\"><div class=\"su-quote-inner su-u-clearfix su-u-trim\"><strong>`<\/strong>s leit a Kl\u00f6tzle Blei glei bei Blaubeura \u2013 glei bei Blaubeura leit a Kl\u00f6tzle Blei&#8230;<span class=\"su-quote-cite\">Eduard M\u00f6rike<\/span><\/div><\/div>\n<\/div>\n\n\n\n<div class=\"wp-block-column is-layout-flow wp-block-column-is-layout-flow\">\nngg_shortcode_0_placeholder\n<\/div>\n<\/div>\n\n\n<p><img loading=\"lazy\" decoding=\"async\" class=\"ngg-singlepic ngg-left alignleft\" src=\"https:\/\/uk-waldmann.de\/WP\/reisen\/wp-content\/uploads\/sites\/12\/nggallery\/de-blautopf\/HP_2021-09-30_SchwaebischeAlb_009.JPG\" alt=\"Blautopf, die sch\u00f6ne Lau\" width=\"183\" height=\"244\"><\/p>\n\n\n<p>So beginnt sie, die Historie von der sch\u00f6nen Lau:<br>\u00bbZuunterst auf dem Grund des Blautopfs sa\u00df ehemals eine Wasserfrau mit langen, flie\u00dfenden Haaren. Ihr Leib war allenthalben wie eines sch\u00f6nen, nat\u00fcrlichen Weibs, dies eine ausgenommen, dass sie zwischen den Fingern und Zehen eine Schwimmhaut hatte, bl\u00fchwei\u00df und z\u00e4rter als ein Blatt vom Mohn&#8230;\u00ab von Eduard M\u00f6rike, in der die Wassernixe am Blautopf das Lachen wieder lernte.&nbsp;<\/p>\n\n\n\n<p>Besichtigen l\u00e4sst sich die Nixe direkt am Blautopf, der sich auf einem kleinen Rundweg auch leicht umlaufen l\u00e4sst. Ein herrlicher, mystischer Platz, eingerahmt von einer alten historischen Schmiede und einem Kloster.<\/p>\n\n\nngg_shortcode_1_placeholder\n\n\n\n<p>Der Ort Blaubeuern ist ein idealer Ausgangspunkt f\u00fcr so manche sch\u00f6ne Wanderung.<\/p>\n\n\n\n<p>Im Blau- und Aachtal in der Nachbarschaft von Blaubeuren befinden sich mehrere H\u00f6hlen mit bedeutenden arch\u00e4ologischen Fundstellen eiszeitlicher J\u00e4ger und Sammler (<a href=\"https:\/\/de.wikipedia.org\/wiki\/Jungpal%C3%A4olithikum\">Jungpal\u00e4olithikum<\/a>). Genannt seien die&nbsp;<a href=\"https:\/\/de.wikipedia.org\/wiki\/Brillenh%C3%B6hle\">Brillenh\u00f6hle<\/a>, der&nbsp;<a href=\"https:\/\/de.wikipedia.org\/wiki\/Hohler_Fels\">Hohle Fels<\/a>&nbsp;(bei&nbsp;<a href=\"https:\/\/de.wikipedia.org\/wiki\/Schelklingen\">Schelklingen<\/a>) und das&nbsp;<a href=\"https:\/\/de.wikipedia.org\/wiki\/Gei%C3%9Fenkl%C3%B6sterle\">Gei\u00dfenkl\u00f6sterle<\/a>. Funde und Grabungsergebnisse werden heute im&nbsp;<a href=\"https:\/\/de.wikipedia.org\/wiki\/Urgeschichtliches_Museum_Blaubeuren\">Urgeschichtlichen Museum<\/a>&nbsp;pr\u00e4sentiert. [Quelle: Wiki]\n\n\n\n<p><br><br><div class=\"su-box su-box-style-soft\" id=\"\" style=\"border-color:#000000;border-radius:5px;max-width:none\"><div class=\"su-box-title\" style=\"background-color:#333333;color:#FFFFFF;border-top-left-radius:3px;border-top-right-radius:3px\">Unsere Wanderungen in der Schw\u00e4bischen Alb, rund um den Blautopf<\/div><div class=\"su-box-content su-u-clearfix su-u-trim\" style=\"border-bottom-left-radius:3px;border-bottom-right-radius:3px\">\n\n\n\n<figure class=\"wp-block-table\"><table><tbody><tr><td>ngg_shortcode_2_placeholder<\/td><td>Einf\u00fchrung Blautopf<br><a class=\"maxbutton-4 maxbutton maxbutton-side-menu-button-270\" title=\"Side-Menu-BUTTON (270 px)\" href=\"\/WP\/reisen\/schwabische-alb-blaubeuren\/\" data-maxbuttoncounter=\"{&quot;button_id&quot;:&quot;4&quot;,&quot;url&quot;:&quot;\\\/WP\\\/reisen\\\/schwabische-alb-blaubeuren\\\/&quot;,&quot;check&quot;:&quot;aoYRW6Sq&quot;}\" data-maxbuttonpage=\"{&quot;id&quot;:5373,&quot;type&quot;:&quot;post&quot;}\"><span class='mb-text' >Blaubeuren<\/span><\/a><\/td><\/tr><tr><td>ngg_shortcode_3_placeholder<\/td><td>Rund um Blaubeuren, Blaubeurer Felsensteig Ost<br><a class=\"maxbutton-4 maxbutton maxbutton-side-menu-button-270\" title=\"Side-Menu-BUTTON (270 px)\" href=\"\/WP\/reisen\/schwabische-alb-blaubeueren\/2\/\" data-maxbuttoncounter=\"{&quot;button_id&quot;:&quot;4&quot;,&quot;url&quot;:&quot;\\\/WP\\\/reisen\\\/schwabische-alb-blaubeueren\\\/2\\\/&quot;,&quot;check&quot;:&quot;FeI4m98s&quot;}\" data-maxbuttonpage=\"{&quot;id&quot;:5373,&quot;type&quot;:&quot;post&quot;}\"><span class='mb-text' >Blaubeurer Felsensteig<\/span><\/a><\/td><\/tr><tr><td>ngg_shortcode_4_placeholder<\/td><td>Eiszeitj\u00e4gersteig (UNESCO Welterbe)<br><a class=\"maxbutton-4 maxbutton maxbutton-side-menu-button-270\" title=\"Side-Menu-BUTTON (270 px)\" href=\"\/WP\/reisen\/schwabische-alb-blaubeuren\/3\/\" data-maxbuttoncounter=\"{&quot;button_id&quot;:&quot;4&quot;,&quot;url&quot;:&quot;\\\/WP\\\/reisen\\\/schwabische-alb-blaubeuren\\\/3\\\/&quot;,&quot;check&quot;:&quot;Wz_T5X9k&quot;}\" data-maxbuttonpage=\"{&quot;id&quot;:5373,&quot;type&quot;:&quot;post&quot;}\"><span class='mb-text' >Eiszeitj\u00e4gersteig<\/span><\/a><\/td><\/tr><tr><td>ngg_shortcode_5_placeholder<\/td><td>Tiefental<br><a class=\"maxbutton-4 maxbutton maxbutton-side-menu-button-270\" title=\"Side-Menu-BUTTON (270 px)\" href=\"\/WP\/reisen\/schwabische-alb-blaubeuren\/4\/\" data-maxbuttoncounter=\"{&quot;button_id&quot;:&quot;4&quot;,&quot;url&quot;:&quot;\\\/WP\\\/reisen\\\/schwabische-alb-blaubeuren\\\/4\\\/&quot;,&quot;check&quot;:&quot;wnDaJuxK&quot;}\" data-maxbuttonpage=\"{&quot;id&quot;:5373,&quot;type&quot;:&quot;post&quot;}\"><span class='mb-text' >Tiefental<\/span><\/a><\/td><\/tr><tr><td>ngg_shortcode_6_placeholder<\/td><td>Weidach &#8211; Lautertal<br><a class=\"maxbutton-4 maxbutton maxbutton-side-menu-button-270\" title=\"Side-Menu-BUTTON (270 px)\" href=\"\/WP\/reisen\/schwabische-alb-blaubeuren\/5\/\" data-maxbuttoncounter=\"{&quot;button_id&quot;:&quot;4&quot;,&quot;url&quot;:&quot;\\\/WP\\\/reisen\\\/schwabische-alb-blaubeuren\\\/5\\\/&quot;,&quot;check&quot;:&quot;xwAXOQvN&quot;}\" data-maxbuttonpage=\"{&quot;id&quot;:5373,&quot;type&quot;:&quot;post&quot;}\"><span class='mb-text' >Weidach - Lautertal<\/span><\/a><\/td><\/tr><\/tbody><\/table><\/figure>\n\n\n\n<div class=\"sue-splash\" data-once=\"no\" data-cookie=\"sue_splash_fc380793cadf827a5b45eefb0a0ad803\" data-esc=\"yes\" data-close=\"yes\" data-onclick=\"close-bg\" data-url=\"\" data-opacity=\"0.8\" data-width=\"480\" data-style=\"sue-splash-style-light-boxed\" data-delay=\"0\"><div class=\"sue-splash-screen su-u-trim\"><br>Hier erscheint der Text f\u00fcr den Begr\u00fc\u00dfungsbildschirm<br><\/div><\/div>\n\n\n\n<\/div><\/div>\n\n\n\n<p><\/p>\n\n\n\n<div class=\"su-divider su-divider-style-default\" style=\"margin:20px 0;border-width:3px;border-color:#74250C\"><a href=\"#\" style=\"color:#999999\"><\/a><\/div>\n\n\n\n<p class=\"has-text-align-right\" style=\"font-size:10px\"> Erstver\u00f6ffentlichung: 16. Juli 2025 | Letzte \u00c4nderung am 23. Juli 2025 durch <a href=\"\" target=\"_blank\" class=\"last-modified-author\">Wald.KL<\/a>  \n\n\n\n<!--nextpage-->\n\n\n\n<!-- Seite 2 -->\n\n\n\n<h4 class=\"wp-block-heading\" id=\"Bastei-Schwedenloecher\">Rund um Blaubeuren, Blaubeurer Felsensteig Ost<\/h4>\n\n\n\n<p>Als Einstieg w\u00e4hlten wir eine kurze, ca 6,5 km lange Rundwanderung um Blaubeuren. Idealer Start und Endpunkt der Blautopf, aber auch der Bahnhof w\u00e4re gut geeignet f\u00fcr Nutzer des \u00d6ffentlichen Nahverkehrs.<\/p>\n\n\n\n<div class=\"wp-block-columns is-layout-flex wp-container-core-columns-is-layout-9d6595d7 wp-block-columns-is-layout-flex\">\n<div class=\"wp-block-column is-layout-flow wp-block-column-is-layout-flow\">\n<p><img decoding=\"async\" class=\"ngg-singlepic ngg-none\" src=\"https:\/\/uk-waldmann.de\/WP\/reisen\/wp-content\/uploads\/sites\/12\/nggallery\/de-blautopf\/HP_2021-09-30_SchwaebischeAlb_014.JPG\" alt=\"Blautopf\"><\/p>\n<\/div>\n\n\n\n<div class=\"wp-block-column is-layout-flow wp-block-column-is-layout-flow\">\n<p>\u00dcberall dieselbe alte Leier. Das Layout ist fertig, der Text l\u00e4sst auf sich warten. Damit das Layout nun nicht nackt im Raume steht und sich klein und leer vorkommt, springe ich ein: der Blindtext. Genau zu diesem Zwecke erschaffen, immer im Schatten meines gro\u00dfen Bruders \u00bbLorem Ipsum\u00ab, freue ich mich jedes Mal, wenn Sie ein paar Zeilen lesen. Denn esse est percipi &#8211; Sein ist wahrgenommen werden. Und weil Sie nun schon die G\u00fcte haben, mich ein paar weitere S\u00e4tze lang zu begleiten, m\u00f6chte ich diese Gelegenheit nutzen, Ihnen nicht nur als L\u00fcckenf\u00fcller zu dienen, sondern auf etwas hinzuweisen, das<\/p>\n<\/div>\n<\/div>\n\n\n\n<p class=\"has-text-align-left\"><div style=\"min-width: 260px; max-width: 800px\"><script type=\"text\/javascript\" src=\"https:\/\/www.outdooractive.com\/de\/embed\/223842043\/js?mw=false&usr=1q4jx1&key=USR-IBHYLG6M-EMWGKPJA-4OSST9GY\"><\/script><\/div> <\/p>\n\n\n\n<p><\/p>\n\n\n\n<p class=\"has-text-align-center has-tertiary-background-color has-text-color has-background\" style=\"color:#dba391\"><em>Impressionen:<\/em><br>Blaubeurens Felsensteig, Vom Blautopf \u00fcber das Landspitzle und dem Rusenschloss zur\u00fcck zum Ort<\/p>\n\n\n\nngg_shortcode_7_placeholder\n\n\n\n<p><\/p>\n\n\n\n<div class=\"su-divider su-divider-style-default\" style=\"margin:20px 0;border-width:3px;border-color:#74250C\"><a href=\"#\" style=\"color:#999999\"><\/a><\/div>\n\n\n\n<p><\/p>\n\n\n\n<!--nextpage-->\n\n\n\n<!-- Seite 3 -->\n\n\n\n<h4 class=\"wp-block-heading\" id=\"Schrammsteine\">Eiszeitj\u00e4gersteig (UNESCO Welterbe)<\/h4>\n\n\n\n<p>Der Eiszeitj\u00e4gerpfad f\u00fchrt vorbei an H\u00f6hlen der Jurafelsen rund um Blaubeuren, die den Eiszeitmenschen Unterschlupf und zeitweise Behausung gew\u00e4hrten. Als J\u00e4ger und Sammler lebten sie von der umgebenden Natur. Die Blautopfquelle bot ganzj\u00e4hrig frisches, temperiertes Trinkwasser. Hatte diese Karstquelle spirituelle Bedeutung? Wir wissen es heute nicht. Der Eiszeitj\u00e4gerpfad f\u00fchrt an H\u00f6hlen und Schaupl\u00e4tzen dieser Zeit vorbei.<\/p>\n\n\n\n<div style=\"min-width: 260px; max-width: 700px\"><script type=\"text\/javascript\" src=\"https:\/\/www.outdooractive.com\/de\/embed\/226240738\/js?mw=false&usr=1q4jx1&key=USR-IBHYLG6M-EMWGKPJA-4OSST9GY\"><\/script><\/div>\n\n\n\n<p><\/p>\n\n\n\n<p class=\"has-text-align-center has-tertiary-background-color has-text-color has-background\" style=\"color:#dba391\"><em>Impressionen:<\/em><br>Eiszeitj\u00e4gersteig, UNESCO Welterbe<\/p>\n\n\n\nngg_shortcode_8_placeholder\n\n\n\n<p><\/p>\n\n\n\n<!--nextpage-->\n\n\n\n<!-- Seite 4 -->\n\n\n\n<h4 class=\"wp-block-heading\" id=\"Gamrig\">Tiefental<\/h4>\n\n\n\n<p>Die 220 m lange und 37 m tiefe&nbsp;<strong>Sontheimer H\u00f6hle<\/strong>&nbsp;war einst eine Flussh\u00f6hle und ein fr\u00fchalemannischer Bestattungsplatz. Heute erfreut sie als rege besuchte Schauh\u00f6hle den Besucher mit herrlichen Tropfsteinbildungen und pr\u00e4chtigem Sinterschmuck in mehreren Hallen.<\/p>\n\n\n\n<div style=\"min-width: 260px; max-width: 700px\"><script type=\"text\/javascript\" src=\"https:\/\/www.outdooractive.com\/de\/embed\/226345572\/js?mw=false&usr=1q4jx1&key=USR-IBHYLG6M-EMWGKPJA-4OSST9GY\"><\/script><\/div>\n\n\n\n<p><br><\/p>\n\n\n\nngg_shortcode_9_placeholder\n\n\n\n<figure class=\"wp-block-pullquote is-style-default has-border-color has-primary-color has-text-color\" style=\"border-color:#74250c\"><blockquote><p><em>\u201eDas wichtigste St\u00fcck des Reisegep\u00e4cks ist und bleibt ein fr\u00f6hliches Herz.\u201c<\/em>,&nbsp;<\/p><cite>Hermann L\u00f6ns<\/cite><\/blockquote><\/figure>\n\n\n\n<p><\/p>\n\n\n\n<p><\/p>\n\n\n\n<p><\/p>\n\n\n\n<div class=\"su-divider su-divider-style-default\" style=\"margin:20px 0;border-width:3px;border-color:#74250C\"><a href=\"#\" style=\"color:#999999\"><\/a><\/div>\n\n\n\n<p><\/p>\n\n\n\n<!--nextpage-->\n\n\n\n<!-- Seite 5 -->\n\n\n\n<h4 class=\"wp-block-heading\">Weidach &#8211; Lautertal<\/h4>\n\n\n\n<p><\/p>\n\n\n\n<p><\/p>\n\n\n\n<div style=\"min-width: 260px; max-width: 700px\"><script type=\"text\/javascript\" src=\"https:\/\/www.outdooractive.com\/de\/embed\/226426613\/js?mw=false&usr=1q4jx1&key=USR-IBHYLG6M-EMWGKPJA-4OSST9GY\"><\/script><\/div>\n","protected":false},"excerpt":{"rendered":"<p>Wandern in der Schw\u00e4bischen Alb. Rund um den Blautopf. <\/p>\n","protected":false},"author":1,"featured_media":5755,"comment_status":"closed","ping_status":"closed","sticky":false,"template":"","format":"standard","meta":{"_lmt_disableupdate":"","_lmt_disable":"","ngg_post_thumbnail":1336,"footnotes":""},"categories":[24,105],"tags":[162,163,157,148,164],"class_list":["post-5373","post","type-post","status-publish","format-standard","has-post-thumbnail","hentry","category-deutschland","category-schwaebische-alb","tag-blaubeuern","tag-blautopf","tag-post_blaubeuern","tag-post_schwaebische-alb","tag-schoenelau"],"modified_by":"Wald.KL","_links":{"self":[{"href":"https:\/\/uk-waldmann.de\/WP\/reisen\/wp-json\/wp\/v2\/posts\/5373","targetHints":{"allow":["GET"]}}],"collection":[{"href":"https:\/\/uk-waldmann.de\/WP\/reisen\/wp-json\/wp\/v2\/posts"}],"about":[{"href":"https:\/\/uk-waldmann.de\/WP\/reisen\/wp-json\/wp\/v2\/types\/post"}],"author":[{"embeddable":true,"href":"https:\/\/uk-waldmann.de\/WP\/reisen\/wp-json\/wp\/v2\/users\/1"}],"replies":[{"embeddable":true,"href":"https:\/\/uk-waldmann.de\/WP\/reisen\/wp-json\/wp\/v2\/comments?post=5373"}],"version-history":[{"count":111,"href":"https:\/\/uk-waldmann.de\/WP\/reisen\/wp-json\/wp\/v2\/posts\/5373\/revisions"}],"predecessor-version":[{"id":6661,"href":"https:\/\/uk-waldmann.de\/WP\/reisen\/wp-json\/wp\/v2\/posts\/5373\/revisions\/6661"}],"wp:featuredmedia":[{"embeddable":true,"href":"https:\/\/uk-waldmann.de\/WP\/reisen\/wp-json\/wp\/v2\/media\/5755"}],"wp:attachment":[{"href":"https:\/\/uk-waldmann.de\/WP\/reisen\/wp-json\/wp\/v2\/media?parent=5373"}],"wp:term":[{"taxonomy":"category","embeddable":true,"href":"https:\/\/uk-waldmann.de\/WP\/reisen\/wp-json\/wp\/v2\/categories?post=5373"},{"taxonomy":"post_tag","embeddable":true,"href":"https:\/\/uk-waldmann.de\/WP\/reisen\/wp-json\/wp\/v2\/tags?post=5373"}],"curies":[{"name":"wp","href":"https:\/\/api.w.org\/{rel}","templated":true}]}}