{"id":1120,"date":"2025-12-01T12:20:15","date_gmt":"2025-12-01T11:20:15","guid":{"rendered":"https:\/\/uk-waldmann.de\/WP\/wir\/?p=1120"},"modified":"2026-03-27T07:29:42","modified_gmt":"2026-03-27T06:29:42","slug":"umstieg-oel-wp","status":"publish","type":"post","link":"https:\/\/uk-waldmann.de\/WP\/wir\/umstieg-oel-wp\/","title":{"rendered":"Unser Weg zur Autarkie: Von der alten \u00d6lheizung zur modernen PV-Anlage und Erdw\u00e4rmepumpe"},"content":{"rendered":"<div id=\"ez-toc-container\" class=\"ez-toc-v2_0_82_2 counter-hierarchy ez-toc-counter ez-toc-grey ez-toc-container-direction\">\n<div class=\"ez-toc-title-container\">\n<p class=\"ez-toc-title\" style=\"cursor:inherit\">Inhaltsverzeichnis<\/p>\n<span class=\"ez-toc-title-toggle\"><a href=\"#\" class=\"ez-toc-pull-right ez-toc-btn ez-toc-btn-xs ez-toc-btn-default ez-toc-toggle\" aria-label=\"Toggle Table of Content\"><span class=\"ez-toc-js-icon-con\"><span class=\"\"><span class=\"eztoc-hide\" style=\"display:none;\">Toggle<\/span><span class=\"ez-toc-icon-toggle-span\"><svg style=\"fill: #999;color:#999\" xmlns=\"http:\/\/www.w3.org\/2000\/svg\" class=\"list-377408\" width=\"20px\" height=\"20px\" viewBox=\"0 0 24 24\" fill=\"none\"><path d=\"M6 6H4v2h2V6zm14 0H8v2h12V6zM4 11h2v2H4v-2zm16 0H8v2h12v-2zM4 16h2v2H4v-2zm16 0H8v2h12v-2z\" fill=\"currentColor\"><\/path><\/svg><svg style=\"fill: #999;color:#999\" class=\"arrow-unsorted-368013\" xmlns=\"http:\/\/www.w3.org\/2000\/svg\" width=\"10px\" height=\"10px\" viewBox=\"0 0 24 24\" version=\"1.2\" baseProfile=\"tiny\"><path d=\"M18.2 9.3l-6.2-6.3-6.2 6.3c-.2.2-.3.4-.3.7s.1.5.3.7c.2.2.4.3.7.3h11c.3 0 .5-.1.7-.3.2-.2.3-.5.3-.7s-.1-.5-.3-.7zM5.8 14.7l6.2 6.3 6.2-6.3c.2-.2.3-.5.3-.7s-.1-.5-.3-.7c-.2-.2-.4-.3-.7-.3h-11c-.3 0-.5.1-.7.3-.2.2-.3.5-.3.7s.1.5.3.7z\"\/><\/svg><\/span><\/span><\/span><\/a><\/span><\/div>\n<nav><ul class='ez-toc-list ez-toc-list-level-1 ' ><li class='ez-toc-page-1 ez-toc-heading-level-2'><a class=\"ez-toc-link ez-toc-heading-1\" href=\"https:\/\/uk-waldmann.de\/WP\/wir\/umstieg-oel-wp\/#einleitung-%e2%80%93-warum-wir-uns-fuer-den-umstieg-entschieden-haben\" >Einleitung \u2013 Warum wir uns f\u00fcr den Umstieg entschieden haben<\/a><\/li><li class='ez-toc-page-1 ez-toc-heading-level-2'><a class=\"ez-toc-link ez-toc-heading-2\" href=\"https:\/\/uk-waldmann.de\/WP\/wir\/umstieg-oel-wp\/#1-ausgangssituation-die-alte-oelheizung-musste-weg\" >1. Ausgangssituation: Die alte \u00d6lheizung musste weg<\/a><\/li><li class='ez-toc-page-1 ez-toc-heading-level-2'><a class=\"ez-toc-link ez-toc-heading-3\" href=\"https:\/\/uk-waldmann.de\/WP\/wir\/umstieg-oel-wp\/#2-planung-entscheidung-warum-pv-erdwaerme\" >2. Planung &amp; Entscheidung: Warum PV + Erdw\u00e4rme?<\/a><\/li><li class='ez-toc-page-1 ez-toc-heading-level-2'><a class=\"ez-toc-link ez-toc-heading-4\" href=\"https:\/\/uk-waldmann.de\/WP\/wir\/umstieg-oel-wp\/#3-installation-der-photovoltaik-anlage-sommer\" >3. Installation der Photovoltaik-Anlage (Sommer)<\/a><ul class='ez-toc-list-level-3' ><li class='ez-toc-heading-level-3'><a class=\"ez-toc-link ez-toc-heading-5\" href=\"https:\/\/uk-waldmann.de\/WP\/wir\/umstieg-oel-wp\/#31-vorbereitung-geruest\" >3.1 Vorbereitung &amp; Ger\u00fcst<\/a><\/li><li class='ez-toc-page-1 ez-toc-heading-level-3'><a class=\"ez-toc-link ez-toc-heading-6\" href=\"https:\/\/uk-waldmann.de\/WP\/wir\/umstieg-oel-wp\/#32-montage-der-photovoltaik-module\" >3.2 Montage der Photovoltaik-Module<\/a><\/li><li class='ez-toc-page-1 ez-toc-heading-level-3'><a class=\"ez-toc-link ez-toc-heading-7\" href=\"https:\/\/uk-waldmann.de\/WP\/wir\/umstieg-oel-wp\/#33-inbetriebnahme-erste-ergebnisse\" >3.3 Inbetriebnahme &amp; erste Ergebnisse<\/a><\/li><\/ul><\/li><li class='ez-toc-page-1 ez-toc-heading-level-2'><a class=\"ez-toc-link ez-toc-heading-8\" href=\"https:\/\/uk-waldmann.de\/WP\/wir\/umstieg-oel-wp\/#4-die-solebohrungen-im-vorgarten-herbst\" >4. Die Solebohrungen im Vorgarten (Herbst)<\/a><ul class='ez-toc-list-level-3' ><li class='ez-toc-heading-level-3'><a class=\"ez-toc-link ez-toc-heading-9\" href=\"https:\/\/uk-waldmann.de\/WP\/wir\/umstieg-oel-wp\/#41-vorbereitung-im-garten\" >4.1 Vorbereitung im Garten<\/a><\/li><li class='ez-toc-page-1 ez-toc-heading-level-3'><a class=\"ez-toc-link ez-toc-heading-10\" href=\"https:\/\/uk-waldmann.de\/WP\/wir\/umstieg-oel-wp\/#42-die-drei-70-meter-bohrungen\" >4.2 Die drei 70-Meter-Bohrungen<\/a><\/li><li class='ez-toc-page-1 ez-toc-heading-level-3'><a class=\"ez-toc-link ez-toc-heading-11\" href=\"https:\/\/uk-waldmann.de\/WP\/wir\/umstieg-oel-wp\/#43-verbindung-der-sonden-%e2%80%93-der-garten-im-ausnahmezustand\" >4.3 Verbindung der Sonden \u2013 der Garten im Ausnahmezustand<\/a><\/li><\/ul><\/li><li class='ez-toc-page-1 ez-toc-heading-level-2'><a class=\"ez-toc-link ez-toc-heading-12\" href=\"https:\/\/uk-waldmann.de\/WP\/wir\/umstieg-oel-wp\/#5-umbau-im-keller-%e2%80%93-die-neue-waermepumpe\" >5. Umbau im Keller \u2013 Die neue W\u00e4rmepumpe<\/a><ul class='ez-toc-list-level-3' ><li class='ez-toc-heading-level-3'><a class=\"ez-toc-link ez-toc-heading-13\" href=\"https:\/\/uk-waldmann.de\/WP\/wir\/umstieg-oel-wp\/#51-ausbau-des-alten-oeltanks\" >5.1 Ausbau des alten \u00d6ltanks<\/a><\/li><li class='ez-toc-page-1 ez-toc-heading-level-3'><a class=\"ez-toc-link ez-toc-heading-14\" href=\"https:\/\/uk-waldmann.de\/WP\/wir\/umstieg-oel-wp\/#52-installation-der-waermepumpe\" >5.2 Installation der W\u00e4rmepumpe<\/a><\/li><li class='ez-toc-page-1 ez-toc-heading-level-3'><a class=\"ez-toc-link ez-toc-heading-15\" href=\"https:\/\/uk-waldmann.de\/WP\/wir\/umstieg-oel-wp\/#53-app-steuerung-technikraum\" >5.3 App-Steuerung &amp; Technikraum<\/a><\/li><\/ul><\/li><li class='ez-toc-page-1 ez-toc-heading-level-2'><a class=\"ez-toc-link ez-toc-heading-16\" href=\"https:\/\/uk-waldmann.de\/WP\/wir\/umstieg-oel-wp\/#6-rekultivierung-des-gartens\" >6. Rekultivierung des Gartens<\/a><\/li><li class='ez-toc-page-1 ez-toc-heading-level-2'><a class=\"ez-toc-link ez-toc-heading-17\" href=\"https:\/\/uk-waldmann.de\/WP\/wir\/umstieg-oel-wp\/#7-ein-jahr-spaeter-%e2%80%93-erfahrungen-fazit\" >7. Ein Jahr sp\u00e4ter \u2013 Erfahrungen &amp; Fazit<\/a><\/li><li class='ez-toc-page-1 ez-toc-heading-level-2'><a class=\"ez-toc-link ez-toc-heading-18\" href=\"https:\/\/uk-waldmann.de\/WP\/wir\/umstieg-oel-wp\/#8-was-wir-heute-anders-machen-wuerden\" >8. Was wir heute anders machen w\u00fcrden<\/a><\/li><li class='ez-toc-page-1 ez-toc-heading-level-2'><a class=\"ez-toc-link ez-toc-heading-19\" href=\"https:\/\/uk-waldmann.de\/WP\/wir\/umstieg-oel-wp\/#9-fazit\" >9. Fazit<\/a><\/li><\/ul><\/nav><\/div>\n\n\n\n\n<h2 class=\"wp-block-heading\"><span class=\"ez-toc-section\" id=\"einleitung-%e2%80%93-warum-wir-uns-fuer-den-umstieg-entschieden-haben\"><\/span><strong>Einleitung \u2013 Warum wir uns f\u00fcr den Umstieg entschieden haben<\/strong><span class=\"ez-toc-section-end\"><\/span><\/h2>\n\n\n\n<p>Im Sommer 2020 standen wir vor einer Entscheidung, die viele Haushalte irgendwann treffen m\u00fcssen: Unsere alte \u00d6lheizung war in die Jahre gekommen, ineffizient \u2013 und ehrlich gesagt wollten wir uns schon lange von fossilen Brennstoffen verabschieden. Gleichzeitig hatten wir endlich die Zeit und Ruhe, uns intensiv mit alternativen Heizsystemen zu besch\u00e4ftigen.<\/p>\n\n\n\n<p>Nach vielen Gespr\u00e4chen, Messebesuchen, Vergleichen und Berechnungen war unser Weg klar: Eine Kombination aus Photovoltaik auf dem Dach und einer modernen Sole-Wasser-W\u00e4rmepumpe sollte k\u00fcnftig unser Haus versorgen. Ein nachhaltiger Schritt, der uns unabh\u00e4ngiger macht und zum eigenen kleinen Energieprojekt werden sollte.<\/p>\n\n\n\n<p>Was danach folgte, waren spannende Monate voller Planungen, Bauarbeiten, Bohrungen, Technik \u2013 und auch ein paar lustigen Anekdoten. In diesem Beitrag m\u00f6chten wir zeigen, wie unser pers\u00f6nlicher Weg zur eigenen Strom- und W\u00e4rmeerzeugung aussah: von der ersten Idee bis zu den Erfahrungen ein Jahr nach dem Umbau.<\/p>\n\n\n\n<hr class=\"wp-block-separator has-alpha-channel-opacity\"\/>\n\n\n\n<h2 class=\"wp-block-heading\"><span class=\"ez-toc-section\" id=\"1-ausgangssituation-die-alte-oelheizung-musste-weg\"><\/span><strong>1. Ausgangssituation: Die alte \u00d6lheizung musste weg<\/strong><span class=\"ez-toc-section-end\"><\/span><\/h2>\n\n\n\n<p>Als wir 2020 unsere Heizungsanlage genauer unter die Lupe nahmen, war schnell klar: Unsere alte \u00d6lheizung hatte ihre beste Zeit l\u00e4ngst hinter sich. Sie lief zwar noch zuverl\u00e4ssig, aber der Wirkungsgrad war schlecht, der \u00d6lverbrauch hoch und der j\u00e4hrliche Tankwagenbesuch f\u00fchlte sich zunehmend aus der Zeit gefallen an. Zudem verursachte der \u00d6ltank im Keller nicht nur Platzverlust, sondern auch einen leichten, permanenten Geruch, den wir schon lange loswerden wollten.<\/p>\n\n\n\n<img decoding=\"async\" src=\"https:\/\/uk-waldmann.de\/WP\/wir\/wp-content\/uploads\/sites\/14\/nggallery\/geothermie\/Kap1-Ausgangssituation-01.jpg\"\n     alt=\"alter Heizkessel\"\n     style=\"float:right; margin:0 0 1rem 1.5rem; width:40%; border-radius:8px\">\n\n\n\n<p>Gleichzeitig hatten wir den Wunsch, unabh\u00e4ngiger zu werden und unsere Energieversorgung nachhaltiger zu gestalten. Wir beide sind mit einem starken Umweltbewusstsein aufgewachsen \u2013 die Proteste der 70er-Jahre haben uns gepr\u00e4gt \u2013 und die Entscheidung, von fossilen Brennstoffen wegzugehen, war im Grunde schon lange \u00fcberf\u00e4llig.<\/p>\n\n\n\n<p>Hinzu kam: Wir hatten uns gerade aus dem Berufsleben verabschiedet und endlich die Zeit, ein solches Projekt gr\u00fcndlich zu planen und umzusetzen. Die Frage war also nicht <em>ob<\/em>, sondern <em>wie<\/em> wir unser Haus zukunftsf\u00e4hig machen wollten. Damit begann unsere Suche nach einer Alternative, die sowohl \u00f6kologisch sinnvoll als auch im Alltag praktikabel ist.<\/p>\n\n\n\n<h4 class=\"wp-block-heading\">Fakten zur alten Heizung<\/h4>\n\n\n\n<ul class=\"wp-block-list\">\n<li><strong>Art der Anlage:<\/strong> \u00d6lheizung<\/li>\n\n\n\n<li><strong>Alter:<\/strong> deutlich in die Jahre gekommen<\/li>\n\n\n\n<li><strong>Probleme:<\/strong> hoher Verbrauch, geringer Wirkungsgrad<\/li>\n\n\n\n<li><strong>Nebenwirkung:<\/strong> leichter \u00d6lgeruch im Keller<\/li>\n\n\n\n<li><strong>Platzbedarf:<\/strong> gro\u00dfer Tankraum blockierte Nutzfl\u00e4che<\/li>\n\n\n\n<li><strong>Wartung:<\/strong> zunehmend aufwendig<\/li>\n\n\n\n<li><strong>Gef\u00fchl:<\/strong> nicht mehr zeitgem\u00e4\u00df, wenig nachhaltig<\/li>\n<\/ul>\n\n\n\n<hr class=\"wp-block-separator has-alpha-channel-opacity\"\/>\n\n\n\n<h2 class=\"wp-block-heading\"><span class=\"ez-toc-section\" id=\"2-planung-entscheidung-warum-pv-erdwaerme\"><\/span><strong>2. Planung &amp; Entscheidung: Warum PV + Erdw\u00e4rme?<\/strong><span class=\"ez-toc-section-end\"><\/span><\/h2>\n\n\n\n<p>Nachdem klar war, dass die alte \u00d6lheizung keine Zukunft mehr hat, standen wir vor der Frage, welches Heizsystem unser Haus die n\u00e4chsten Jahrzehnte zuverl\u00e4ssig und nachhaltig versorgen sollte. Also machten wir das, was wir beide immer tun, wenn es um eine gr\u00f6\u00dfere Entscheidung geht: Wir begannen zu vergleichen, zu rechnen und uns beraten zu lassen.<\/p>\n\n\n\n<p>Zun\u00e4chst spielten wir verschiedene Optionen durch \u2013 von einer neuen \u00d6lheizung \u00fcber Pellets bis hin zu klassischen Luftw\u00e4rmepumpen. Jede Variante hatte ihre Argumente, aber keine f\u00fchlte sich wirklich wie der \u201egro\u00dfe Wurf\u201c an. Gleichzeitig wollten wir m\u00f6glichst unabh\u00e4ngig von fossilen Brennstoffen werden und die Chance nutzen, unsere Energieversorgung einmal komplett neu zu denken.<\/p>\n\n\n\n<p>Den entscheidenden Impuls bekamen wir auf der Bau- und Immobilienmesse in Erlangen. Dort f\u00fchrten wir ein l\u00e4ngeres Gespr\u00e4ch mit dem Energieberater der ESTW und sp\u00e4ter mit Herrn Wolf von der Firma Dreyer. Diese Gespr\u00e4che halfen uns, die technischen Unterschiede zwischen Luft- und Solew\u00e4rmepumpen zu verstehen \u2013 und vor allem, wie gut sich eine W\u00e4rmepumpe in Kombination mit einer Photovoltaik-Anlage betreiben l\u00e4sst.<\/p>\n\n\n\n<p>Als Ingenieur lie\u00df ich es mir nat\u00fcrlich nicht nehmen, die verschiedenen Szenarien in einer kleinen Kosten-Nutzen-Rechnung gegen\u00fcberzustellen. Dabei zeigte sich schnell:<br><strong>Eine Sole-Wasser-W\u00e4rmepumpe liefert die beste Effizienz \u2013 besonders in einem Haus wie unserem, das keine Fu\u00dfbodenheizung hat.<\/strong><\/p>\n\n\n\n<p>Und wenn wir schon eine W\u00e4rmepumpe mit einem h\u00f6heren Strombedarf einbauen, dann wollten wir den daf\u00fcr ben\u00f6tigten Strom m\u00f6glichst selbst erzeugen. Unser S\u00fcddach war wie geschaffen daf\u00fcr: 45 Grad Neigung, keine Verschattung \u2013 ein kleiner Solartraum.<\/p>\n\n\n\n<p>Mit der Aussicht auf bis zu <strong>50 Prozent F\u00f6rderung<\/strong>, einer zuverl\u00e4ssigen Betreuung durch die Firma Dreyer und dem Gef\u00fchl, einen gro\u00dfen Schritt in Richtung Zukunft zu gehen, fiel die Entscheidung schlie\u00dflich leicht:<\/p>\n\n\n\n<p>\ud83d\udc49 <strong>Photovoltaik aufs Dach und Erdw\u00e4rme aus dem Garten.<\/strong><br>Ein nachhaltiger Weg, der sowohl \u00f6kologisch als auch wirtschaftlich sinnvoll ist \u2013 und der uns ein St\u00fcck weit unabh\u00e4ngig macht.<\/p>\n\n\n\n<h4 class=\"wp-block-heading\">Unsere Entscheidungsgrundlagen auf einen Blick<\/h4>\n\n\n\n<ul class=\"wp-block-list\">\n<li><strong>\u00d6lheizung:<\/strong> technisch veraltet, hohe laufende Kosten, fossiler Energietr\u00e4ger.<\/li>\n\n\n\n<li><strong>Pelletheizung:<\/strong> \u00f6kologischer, aber hoher Platzbedarf, laufende Lieferlogistik.<\/li>\n\n\n\n<li><strong>Luft-W\u00e4rmepumpe:<\/strong> effizienter, aber in Bestandsgeb\u00e4uden mit Heizk\u00f6rpern oft grenzwertig.<\/li>\n\n\n\n<li><strong>Sole-Wasser-W\u00e4rmepumpe:<\/strong> h\u00f6chste Effizienz, sehr zuverl\u00e4ssig \u2013 ideal f\u00fcr konstante Heizlasten.<\/li>\n\n\n\n<li><strong>Photovoltaik:<\/strong> S\u00fcddach mit optimaler Neigung (45\u00b0), perfekte Voraussetzungen f\u00fcr Eigenstrom.<\/li>\n\n\n\n<li><strong>Kombination PV + W\u00e4rmepumpe:<\/strong> Strombedarf der WP teilweise selbst deckbar, h\u00f6here Autarkie.<\/li>\n\n\n\n<li><strong>F\u00f6rderungen:<\/strong> bis zu 50 % Zuschuss machten die Investition wirtschaftlich attraktiv.<\/li>\n\n\n\n<li><strong>Betreuung:<\/strong> \u201eAlles aus einer Hand\u201c durch die Firma Dreyer \u2013 inkl. Antragstellung &amp; Koordination.<\/li>\n<\/ul>\n\n\n\n<hr class=\"wp-block-separator has-alpha-channel-opacity\"\/>\n\n\n\n<h2 class=\"wp-block-heading\"><span class=\"ez-toc-section\" id=\"3-installation-der-photovoltaik-anlage-sommer\"><\/span><strong>3. Installation der Photovoltaik-Anlage (Sommer)<\/strong><span class=\"ez-toc-section-end\"><\/span><\/h2>\n\n\n\n<h3><span class=\"ez-toc-section\" id=\"31-vorbereitung-geruest\"><\/span>3.1 Vorbereitung &amp; Ger\u00fcst<span class=\"ez-toc-section-end\"><\/span><\/h3>\n\n<!-- Bild 1: rechts oben (Seitenansicht) -->\n<img decoding=\"async\" src=\"https:\/\/uk-waldmann.de\/WP\/wir\/wp-content\/uploads\/sites\/14\/nggallery\/geothermie\/pv-kap3-1-geruest-01.jpg\"\n     alt=\"Ger\u00fcst an der Dachseite\"\n     style=\"float:right; margin:0 0 1rem 1.5rem; width:40%; border-radius:8px\">\n\n<p>Der erste sichtbare Schritt unseres Projekts war das Ger\u00fcst rund ums Haus. F\u00fcr zwei Wochen stand unsere Terrasse komplett im Schatten des Metallger\u00fcsts \u2013 die sch\u00f6nste Sommerzeit, aber gut, es musste sein. Die Dachfl\u00e4che war f\u00fcr die PV-Montage ideal: komplett nach S\u00fcden ausgerichtet und in einem perfekten 45\u00b0-Winkel. Schon beim Aufbau war uns klar: Das wird richtig gut funktionieren.<\/p>\n\n<!-- Bild 2: links, etwas weiter unten (Frontalansicht) -->\n<img decoding=\"async\" src=\"https:\/\/uk-waldmann.de\/WP\/wir\/wp-content\/uploads\/sites\/14\/nggallery\/geothermie\/pv-kap3-1-geruest-02.jpg\"\n     alt=\"Ger\u00fcst am Haus\"\n     style=\"float:left; margin:0 1.2rem 1rem 0; width:40%; border-radius:8px;\">\n\n<p>Trotz der sommerlichen Hitze arbeitete das Team von Dreyer z\u00fcgig und gut gelaunt. W\u00e4hrend sich die Monteure auf dem Dach in der Sonne abm\u00fchten, hatte der Elektriker im Keller den angenehmsten Arbeitsplatz des ganzen Projekts. Ein kleiner Insider-Witz, der uns bis heute schmunzeln l\u00e4sst.<\/p>\n\n<div style=\"clear:both;\"><\/div>\n\n\n\n<h3><span class=\"ez-toc-section\" id=\"32-montage-der-photovoltaik-module\"><\/span>3.2 Montage der Photovoltaik-Module<span class=\"ez-toc-section-end\"><\/span><\/h3>\n\n<!-- Bild 01-b \u2013 Schienen und Haken an den Sparren -->\n<img decoding=\"async\" src=\"\/WP\/wir\/wp-content\/uploads\/sites\/14\/nggallery\/geothermie\/pv-kap3-2-montage-01-b.jpg\"\n     alt=\"Montage der Dachhaken und Schienen\"\n     style=\"float:left; margin:0 1.2rem 1rem 0rem; width:28%; max-width:380px; border-radius:8px;\">\n\n<p>\nBevor das erste Modul \u00fcberhaupt aufs Dach konnte, mussten zun\u00e4chst die Dachhaken und Schienen montiert werden. \nDazu wurden einzelne Ziegel angehoben und stabile Haken an den Sparren verschraubt. Die Ziegel liegen anschlie\u00dfend \nwieder \u00fcber den Haken, sodass das Dach wind- und regendicht bleibt. Auf diesen Haken wurden die Aluminiumschienen \nverschraubt, die sp\u00e4ter das Gewicht der Module tragen. Auf dem Foto sieht man gut, wie die Schienen exakt in Reihe \nliegen \u2013 die Grundlage daf\u00fcr, dass die Modulfl\u00e4che sp\u00e4ter sauber und gleichm\u00e4\u00dfig wirkt.\n<\/p>\n\n<div style=\"clear:both;\"><\/div>\n\n<!-- Bild 02 \u2013 erstes Modul wird gesetzt (Hero-Bild) -->\n<img decoding=\"async\" src=\"\/WP\/wir\/wp-content\/uploads\/sites\/14\/nggallery\/geothermie\/pv-kap3-2-montage-02.jpg\"\n     alt=\"Montage des ersten Moduls\"\n     style=\"float:right; margin:0 0 1rem 1.5rem; width:40%; border-radius:8px;\">\n\n<p>\nAm n\u00e4chsten Morgen begann dann die eigentliche Montage der PV-Module. Schon von unten aus konnte man sehen, wie \npr\u00e4zise das Team arbeitete. Die Ausrichtung der ersten Modulreihe ist entscheidend \u2013 sie bestimmt, ob sp\u00e4ter alles \nperfekt in Linie sitzt. Mit ge\u00fcbten Handgriffen wurde das erste Modul aufgesetzt, ausgerichtet und sicher befestigt.\n<\/p>\n\n<p>\nIm weiteren Verlauf ging es Schlag auf Schlag: Modul f\u00fcr Modul wanderte vom Ger\u00fcst aufs Dach. Von unten betrachtet \nsieht diese Phase fast m\u00fchelos aus \u2013 in Wirklichkeit erfordert sie viel Kraft, Pr\u00e4zision und ein eingespieltes Team. \nBesonders beeindruckend ist, wie schnell aus einzelnen Bauteilen eine zusammenh\u00e4ngende Fl\u00e4che entsteht.\n<\/p>\n\n<div style=\"clear:both;\"><\/div>\n\n<!-- Zweier-Galerie f\u00fcr Bilder 03 + 04 -->\n<div style=\"display:flex; gap:1rem; margin-top:1rem; margin-bottom:1rem;\">\n    <img decoding=\"async\" src=\"\/WP\/wir\/wp-content\/uploads\/sites\/14\/nggallery\/geothermie\/pv-kap3-2-montage-03.jpg\"\n         alt=\"Montagearbeit auf dem Dach\"\n         style=\"width:48%; border-radius:8px;\">\n    <img decoding=\"async\" src=\"\/WP\/wir\/wp-content\/uploads\/sites\/14\/nggallery\/geothermie\/pv-kap3-2-montage-04.jpg\"\n         alt=\"Montage des letzten Moduls\"\n         style=\"width:48%; border-radius:8px;\">\n<\/div>\n\n<p>\nZum Abschluss wurde das letzte Modul eingesetzt \u2013 ein Moment, der die Verwandlung unseres Daches endg\u00fcltig sichtbar \nmachte. Wo vorher nur Ziegel waren, entstand nun eine kraftvolle, harmonische Fl\u00e4che aus schwarzen Modulen. Damit war \ndie Dachmontage erfolgreich abgeschlossen und das Projekt bereit f\u00fcr die Verkabelung und Inbetriebnahme.\n<\/p>\n\n<div style=\"clear:both;\"><\/div>\n\n\n\n<h3><span class=\"ez-toc-section\" id=\"33-inbetriebnahme-erste-ergebnisse\"><\/span>3.3 Inbetriebnahme &amp; erste Ergebnisse<span class=\"ez-toc-section-end\"><\/span><\/h3>\n\n<!-- Bild 1 \u2013 Nutzung der alten Entl\u00fcftungsrohre -->\n<img decoding=\"async\" src=\"\/WP\/wir\/wp-content\/uploads\/sites\/14\/nggallery\/geothermie\/pv-kap3-3-leitungsfuehrung-01.jpg\"\n     alt=\"Leitungsf\u00fchrung durch vorhandene Entl\u00fcftungsrohre\"\n     style=\"float:right; margin:0 0 1rem 1.5rem; width:38%; border-radius:8px;\">\n\n<p>\nUm die Leitungen vom Dach in den Keller zu f\u00fchren, nutzten wir die im Mauerwerk bereits vorhandenen \nEntl\u00fcftungsrohre des Heizkellers. Dadurch konnten wir auf neue Kernbohrungen durch die Au\u00dfenwand verzichten. \nDie Kabel der PV-Anlage wurden durch dieses Rohrsystem sauber nach unten gef\u00fchrt und anschlie\u00dfend im Keller \nzum Z\u00e4hlerschrank weiterverlegt. Dort installierte der Elektriker zus\u00e4tzlich einen neuen Unterverteiler, der \nnun die Photovoltaikanlage, die Speicherbatterie und sp\u00e4ter auch die W\u00e4rmepumpe sicher und \u00fcbersichtlich versorgt.\n<\/p>\n\n<p>\nUm auch an weniger sonnigen Tagen m\u00f6glichst viel eigenen Strom nutzen zu k\u00f6nnen, erg\u00e4nzten wir die Anlage um \neine 11&nbsp;kWh Speicherbatterie. Sie deckt den Strombedarf unseres Haushalts f\u00fcr ungef\u00e4hr einen Tag ab und \nerh\u00f6ht damit unsere Autarkie deutlich.\n<\/p>\n\n<div style=\"clear:both;\"><\/div>\n\n<!-- Bild 2 \u2013 Speicher + Wechselrichter + Z\u00e4hlerschrank -->\n<img decoding=\"async\" src=\"\/WP\/wir\/wp-content\/uploads\/sites\/14\/nggallery\/geothermie\/pv-kap3-3-kellertechnik-01.jpg\"\n     alt=\"Technikraum mit Speicherbatterie, Wechselrichter und neuem PV-Verteiler\"\n     style=\"display:block; margin:1rem auto; width:90%; max-width:900px; border-radius:8px;\">\n\n<p>\nDann kam der Moment der Inbetriebnahme \u2013 ein kleiner Moment der Freude: Noch bevor alle Kabel endg\u00fcltig \nverstaut waren, zeigte die Anlage bereits die ersten Wattzahlen an. Besonders faszinierend war f\u00fcr uns, \nwie fr\u00fch am Morgen und wie lange am Abend die Module Strom lieferten \u2013 meist von etwa 6 bis 19 Uhr.\n<\/p>\n\n<p>\nMit der App hatten wir sofort alle Daten im Blick: Eigenverbrauch, Einspeisung, Tagesertrag \u2013 alles in \nEchtzeit. F\u00fcr einen Ingenieur wie mich nat\u00fcrlich ein Traum. Und schon nach wenigen Tagen gingen die ersten \nneugierigen Fragen der Nachbarn ein. Heute wissen wir, dass unsere PV-Anlage einige von ihnen inspiriert hat, \nselbst aktiv zu werden.\n<\/p>\n\n<div style=\"clear:both;\"><\/div>\n\n\n\n<h2 class=\"wp-block-heading\"><span class=\"ez-toc-section\" id=\"4-die-solebohrungen-im-vorgarten-herbst\"><\/span>4. <strong>Die Solebohrungen im Vorgarten (Herbst)<\/strong><span class=\"ez-toc-section-end\"><\/span><\/h2>\n\n\n\n<h3 class=\"wp-block-heading\"><span class=\"ez-toc-section\" id=\"41-vorbereitung-im-garten\"><\/span>4.1 Vorbereitung im Garten<span class=\"ez-toc-section-end\"><\/span><\/h3>\n\n\n\n<img decoding=\"async\" src=\"\/WP\/wir\/wp-content\/uploads\/sites\/14\/nggallery\/geothermie\/wp-kap4-1-Vorbereitung-01\"\n     alt=\"Das war mal der Garten\"\n     style=\"float:right;  margin:0 0 1rem 1.5rem; width:40%; border-radius:8px;\">\n\n\n\n<p>W\u00e4hrend die Installation der PV-Anlage im Sommer vergleichsweise unspektakul\u00e4r verlief, wurde es im Herbst deutlich \u201eerdiger\u201c. F\u00fcr unsere Sole-Wasser-W\u00e4rmepumpe mussten drei jeweils 70 Meter tiefe Bohrungen gesetzt werden \u2013 mitten in unserem Vorgarten. Damit das schwere Ger\u00e4t \u00fcberhaupt in den Garten gelangen konnte, trafen wir in Absprache mit der Bohrfirma vorab schon einige Vorbereitungen f\u00fcr den Zufahrtsweg durch den Zaun.<\/p>\n\n\n\n<div style=\"clear:both;\"><\/div>\n<img decoding=\"async\" src=\"\/WP\/wir\/wp-content\/uploads\/sites\/14\/nggallery\/geothermie\/wp-kap4-1-Vorbereitung-02\"\n     alt=\"das schwere Bohrger\u00e4t\"\n     style=\"float:left; margin:0 1.2rem 1rem 0rem; width:40%; max-width:380px; border-radius:8px;\">\n\n\n\n<p>\u00dcberrascht hat uns, wie kompakt das Bohr-Equipment ankam: alles ordentlich \u201ezusammengefaltet\u201c auf dem LKW, und innerhalb weniger Minuten verwandelte es sich in einen beeindruckend hohen Bohrturm. Trotz der massiven Technik hatten wir insgeheim die Bef\u00fcrchtung, dass unser Rasen die Aktion kaum \u00fcbersteht \u2013 doch das erwies sich sp\u00e4ter als unbegr\u00fcndet.<\/p>\n\n\n\n<div style=\"height:19px\" aria-hidden=\"true\" class=\"wp-block-spacer\"><\/div>\n\n\n\n<h3 class=\"wp-block-heading\"><span class=\"ez-toc-section\" id=\"42-die-drei-70-meter-bohrungen\"><\/span>4.2 Die drei 70-Meter-Bohrungen<span class=\"ez-toc-section-end\"><\/span><\/h3>\n\n\n\n<img decoding=\"async\" src=\"\/WP\/wir\/wp-content\/uploads\/sites\/14\/nggallery\/geothermie\/wp-kap4-2-3x70m-01.jpg\"\n     alt=\"Aufgebauter Brunnenbohrer\"\n     style=\"float:right; width:48%; margin:0 0 1rem 1.5rem;  border-radius:8px;\">\n\n\n\n<p>Die drei notwendigen Bohrungen wurden der Reihe nach gesetzt \u2013 ohne Verz\u00f6gerungen und mit einer Professionalit\u00e4t, die uns wirklich beeindruckt hat. Jede Bohrung dauerte mehrere Stunden und brachte mit fortschreitender Tiefe unterschiedliche Schichten aus Erde, Feinsedimenten und gelegentlichem Gestein zutage.<\/p>\n\n\n\n<p><img decoding=\"async\" src=\"\/WP\/wir\/wp-content\/uploads\/sites\/14\/nggallery\/geothermie\/wp-kap4-2-3x70m-02.jpg\"\n     alt=\"Montage der Dachhaken und Schienen\"\n     style=\"float:left; margin:0 1.2rem 1rem 0rem; width:25%; max-width:380px; border-radius:8px;\"><\/p>\n\n\n\n<p>Nach jedem gewonnenen Meter wurde eine kleine Probe entnommen und sorgf\u00e4ltig archiviert, wie es die technischen Vorgaben verlangen. Mit jedem Meter Tiefe wurde das Projekt greifbarer. Es ist ein besonderer Moment zu wissen, dass hier \u2013 tief unter dem eigenen Garten \u2013 die Grundlage f\u00fcr ein zuk\u00fcnftiges Heizsystem entsteht.<\/p>\n\n\n\n<p>Die von der Firma Dreyer beauftragte Bohrfirma Schaab hatte den gesamten Ablauf perfekt im Griff. Nach jeder Bohrung wurden die Leitungen abgesenkt, fixiert und die exakten Geo-Koordinaten dokumentiert. Zu unserer Verwunderung sah der Vorgarten nach dem Abschluss aller drei Bohrungen l\u00e4ngst nicht so zerst\u00f6rt aus, wie wir es urspr\u00fcnglich erwartet hatten. Der Rasen blieb weitgehend unbesch\u00e4digt.<\/p>\n\n\n\n<!-- Zweier-Galerie f\u00fcr Bilder 03 + 04 -->\n<div style=\"\n    display:flex;\n    justify-content:center;\n    gap:1rem;\n    margin:1.5rem 0;\n    flex-wrap:wrap;\n\">\n\n    <img decoding=\"async\" src=\"\/WP\/wir\/wp-content\/uploads\/sites\/14\/nggallery\/geothermie\/wp-kap4-2-3x70m-03.jpg\"\n         alt=\"Bohrer wird erg\u00e4nzt\"\n         style=\"width:30%; border-radius:8px; height:auto;\">\n    <img decoding=\"async\" src=\"\/WP\/wir\/wp-content\/uploads\/sites\/14\/nggallery\/geothermie\/wp-kap4-2-3x70m-04.jpg\"\n         alt=\"Koordinaten werden dokumentiert\"\n         style=\"width:30%; border-radius:8px; height:auto;\">\n<\/div>\n\n\n\n<div style=\"height:40px\" aria-hidden=\"true\" class=\"wp-block-spacer\"><\/div>\n\n\n\n<h3 class=\"wp-block-heading\"><span class=\"ez-toc-section\" id=\"43-verbindung-der-sonden-%e2%80%93-der-garten-im-ausnahmezustand\"><\/span>4.3 Verbindung der Sonden \u2013 der Garten im Ausnahmezustand<span class=\"ez-toc-section-end\"><\/span><\/h3>\n\n\n\n<img decoding=\"async\" src=\"\/WP\/wir\/wp-content\/uploads\/sites\/14\/nggallery\/geothermie\/wp-kap4-3-Verbinden-01.JPG\"\n     alt=\"Gr\u00e4ben im Garten\"\n     style=\"float:right; width:48%; margin:0 0 1rem 1.5rem;  border-radius:8px;\">\n\n\n\n<p>Das eigentliche \u201edicke Ende\u201c kam erst im n\u00e4chsten Schritt: dem Verbinden der drei Bohrpunkte \u00fcber tiefere Gr\u00e4ben. Hier zeigte sich die wahre Dimension des Projekts. Unser Vorgarten verwandelte sich f\u00fcr kurze Zeit tats\u00e4chlich in eine Mischung aus Mondlandschaft und Sch\u00fctzengraben \u2013 offene Leitungsgr\u00e4ben, abgetragene Erde, Sondenleitungen und Werkzeuge.<br>Und trotzdem: Die Arbeiten verliefen geordnet, pr\u00e4zise und sauber. Es herrschte nie wirkliche Unordnung, lediglich der unvermeidliche \u201eErde \u00fcberall\u201c-Moment.<\/p>\n\n\n\n<p>Zum Abschluss wurden im Haus zwei Kernbohrungen ausgef\u00fchrt, um die Soleleitungen ins Innere zu f\u00fchren. Direkt am Hausanschlusskasten wurden die Leitungen der drei Bohrl\u00f6cher zusammengef\u00fchrt und an die Installationsfirma \u00fcbergeben, die sie sp\u00e4ter zur W\u00e4rmepumpe weiterf\u00fchrten. Durch die Brunnenbohrer wurden auch gleich alle Gr\u00e4ben lagenweise verf\u00fcllt und verdichtet, damit der Boden sp\u00e4ter nicht absackt.<\/p>\n\n\n\n<!-- Zweier-Galerie f\u00fcr Bilder 02 + 03 -->\n<div style=\"\n    display:flex;\n    justify-content:center;\n    gap:1rem;\n    margin:1.5rem 0;\n    flex-wrap:wrap;\n\">\n\n    <img decoding=\"async\" src=\"\/WP\/wir\/wp-content\/uploads\/sites\/14\/nggallery\/geothermie\/wp-kap4-3-Verbinden-02.JPG\"\n         alt=\"einstellen des Hausanschlusses\"\n         style=\"width:30%; border-radius:8px; height:auto;\">\n    <img decoding=\"async\" src=\"\/WP\/wir\/wp-content\/uploads\/sites\/14\/nggallery\/geothermie\/wp-kap4-3-Verbinden-03.JPG\"\n         alt=\"Gr\u00e4ben werden verf\u00fcllt\"\n         style=\"width:30%; border-radius:8px; height:auto;\">\n<\/div>\n\n\n\n<p>Trotz des optischen Ausnahmezustands wussten wir jederzeit: Genau so muss es sein, wenn man eine moderne<br>Erdw\u00e4rmeanlage installiert. Und im R\u00fcckblick war es fast faszinierend zu beobachten, wie unter unseren F\u00fc\u00dfen<br>ein neues, hochmodernes Heizsystem entstand.<\/p>\n\n\n\n<p><\/p>\n\n\n\n<hr class=\"wp-block-separator has-alpha-channel-opacity\"\/>\n\n\n\n<h4 class=\"wp-block-heading\">Fakten zu unseren Solebohrungen<\/h4>\n\n\n\n<ul class=\"wp-block-list\">\n<li><strong>Anzahl der Bohrungen:<\/strong> 3 St\u00fcck<\/li>\n\n\n\n<li><strong>Bohrtiefe:<\/strong> jeweils 70 Meter<\/li>\n\n\n\n<li><strong>Bohrabst\u00e4nde:<\/strong> ca. 5\u20136 Meter zwischen den Sonden<\/li>\n\n\n\n<li><strong>Abstand zur Grundst\u00fccksgrenze:<\/strong> mindestens 3 Meter<\/li>\n\n\n\n<li><strong>Bohrdauer:<\/strong> mehrere Stunden pro Bohrung<\/li>\n\n\n\n<li><strong>Verbindung:<\/strong> alle Sonden wurden in breiten Gr\u00e4ben miteinander verrohrt<\/li>\n\n\n\n<li><strong>Bohrfirma:<\/strong> Firma Schaab \u2013 sehr sauber und professionell gearbeitet<\/li>\n\n\n\n<li><strong>Besonderheit:<\/strong> Vorgarten zeitweise \u201eMondlandschaft\u201c und voller Gr\u00e4ben<\/li>\n\n\n\n<li><strong>Vorteil der Tiefenbohrung:<\/strong> sehr hohe Effizienz, besonders im Winter<\/li>\n<\/ul>\n\n\n\n<hr class=\"wp-block-separator has-alpha-channel-opacity\"\/>\n\n\n\n<h2 class=\"wp-block-heading\"><span class=\"ez-toc-section\" id=\"5-umbau-im-keller-%e2%80%93-die-neue-waermepumpe\"><\/span><strong>5. Umbau im Keller \u2013 Die neue W\u00e4rmepumpe<\/strong><span class=\"ez-toc-section-end\"><\/span><\/h2>\n\n\n\n<h3 class=\"wp-block-heading\"><span class=\"ez-toc-section\" id=\"51-ausbau-des-alten-oeltanks\"><\/span>5.1 Ausbau des alten \u00d6ltanks<span class=\"ez-toc-section-end\"><\/span><\/h3>\n\n\n\n<img decoding=\"async\" src=\"\/WP\/wir\/wp-content\/uploads\/sites\/14\/nggallery\/geothermie\/wp-kap5-1-Ausbau-01\"\n     alt=\"Zerlegter \u00d6ltank auf LKW\"\n     style=\"float:right;  margin:0 0 1rem 1.5rem; width:30%; border-radius:8px;\">\n\n\n\n<p>Bevor die neue Technik \u00fcberhaupt einziehen konnte, musste erst einmal der alte \u00d6ltank verschwinden. Der Ausbau war ein seltsamer Moment: Etwas, das jahrzehntelang selbstverst\u00e4ndlicher Teil des Hauses war, wurde pl\u00f6tzlich demontiert. Ein St\u00fcck \u201ealte Zeit\u201c ging \u2013 und mit ihm der vertraute, aber doch st\u00f6rende \u00d6lgeruch, der immer ein wenig im Keller hing.<\/p>\n\n\n\n<img decoding=\"async\" src=\"\/WP\/wir\/wp-content\/uploads\/sites\/14\/nggallery\/geothermie\/wp-kap5-1-Ausbau-02\"\n     alt=\"Leerer Tankraum\"\n     style=\"float:left; margin:0 1.2rem 1rem 0rem; width:45%; max-width:380px; border-radius:8px;\">\n\n\n\n<p>Die Entsorgung verlief \u00fcberraschend z\u00fcgig und sauber. Als der Tankraum vollst\u00e4ndig leer war, hatten wir zum ersten Mal den Blick auf den frei gewordenen Platz. Ein Raum, der bisher nur zum Lagern von Energie diente, wurde pl\u00f6tzlich nutzbar \u2013 im wahrsten Sinne des Wortes eine neue Fl\u00e4che f\u00fcr neue Ideen.<\/p>\n\n\n\n<div style=\"clear:both;\"><\/div>\n\n\n\n<h3 class=\"wp-block-heading\"><span class=\"ez-toc-section\" id=\"52-installation-der-waermepumpe\"><\/span>5.2 Installation der W\u00e4rmepumpe<span class=\"ez-toc-section-end\"><\/span><\/h3>\n\n\n\n<img decoding=\"async\" src=\"\/WP\/wir\/wp-content\/uploads\/sites\/14\/nggallery\/geothermie\/wp-kap5-2-Installation-01\"\n     alt=\"die W\u00e4rmepumpe\"\n     style=\"float:right;  margin:0 0 1rem 1.5rem; width:40%; border-radius:8px;\">\n\n\n\n<p>Kurz darauf begann das Team von Dreyer mit der Installation der neuen Sole-Wasser-W\u00e4rmepumpe. Die Anlage fand ihren Platz im ehemaligen Tankraum, erg\u00e4nzt durch die notwendige Hydraulik, eine saubere Verrohrung und einen Speicher. W\u00e4hrend oben im Haus vom Umbau wenig zu sehen war, entstand hier unten das Herzst\u00fcck unserer zuk\u00fcnftigen W\u00e4rmeversorgung.<\/p>\n\n\n\n<p>Das Beeindruckendste war die Sauberkeit der Arbeit: Gerade im Vergleich zur alten \u00d6lanlage wirkte der neue Technikbereich aufger\u00e4umt, modern und klar strukturiert. Uschi meinte sogar, dass der Keller nach der Installation deutlich sauberer aussah als vorher \u2013 und sie hatte recht.<\/p>\n\n\n\n<img decoding=\"async\" src=\"\/WP\/wir\/wp-content\/uploads\/sites\/14\/nggallery\/geothermie\/wp-kap5-2-Installation-02\"\n     alt=\"Rohre\"\n     style=\"float:left; margin:0 1.2rem 1rem 0rem; width:40%; max-width:380px; border-radius:8px;\">\n<div style=\"clear:both;\"><\/div>\n\n\n\n<p>Besonders angenehm: Die gesamte Anlage arbeitet leise. Keine lauten L\u00fcfter, kein Brummen, kein Heizen \u201eunter Volllast\u201c. Stattdessen gleichm\u00e4\u00dfiger, ruhiger Betrieb \u2013 man vergisst fast, dass die Anlage \u00fcberhaupt da ist.<\/p>\n\n\n\n<h3 class=\"wp-block-heading\"><span class=\"ez-toc-section\" id=\"53-app-steuerung-technikraum\"><\/span>5.3 App-Steuerung &amp; Technikraum<span class=\"ez-toc-section-end\"><\/span><\/h3>\n\n\n\n<p>Ein echter Pluspunkt ist die digitale Steuerung. Mit der App k\u00f6nnen wir jederzeit sehen:<\/p>\n\n\n\n<img decoding=\"async\" src=\"\/WP\/wir\/wp-content\/uploads\/sites\/14\/nggallery\/geothermie\/wp-kap5-3-Sonnen-01.JPG\"\n         alt=\"Sonnen-App\"\n         style=\"float:right; margin:0 0 1rem 1.5rem; width:40%; border-radius:8px;\">\n\n\n\n<ul class=\"wp-block-list\">\n<li>wie viel W\u00e4rme gerade erzeugt wird<\/li>\n\n\n\n<li>wie der Betriebszustand ist<\/li>\n\n\n\n<li>wann Warmwasser ben\u00f6tigt wird<\/li>\n\n\n\n<li>welche Heizzeiten eingestellt sind<\/li>\n\n\n\n<li>und wie sich unser Verbrauch zur PV-Produktion verh\u00e4lt<\/li>\n<\/ul>\n\n\n\n<p>F\u00fcr einen Ingenieur ein kleines Paradies. Alles ist nachvollziehbar, grafisch dargestellt und im Zusammenspiel mit der PV-Anlage besonders interessant.<\/p>\n\n\n\n<!-- Zweier-Galerie f\u00fcr Bilder 02 + 03 -->\n<div style=\"\n    display:flex;\n    justify-content:center;\n    gap:1rem;\n    margin:1.5rem 0;\n    flex-wrap:wrap;\n\">\n\n    \n<img decoding=\"async\" src=\"\/WP\/wir\/wp-content\/uploads\/sites\/14\/nggallery\/geothermie\/wp-kap5-3-Vaillant-02.JPG\"\n         alt=\"Bohrer wird erg\u00e4nzt\"\n         style=\"width:20%; border-radius:8px; height:auto;\">\n    <img decoding=\"async\" src=\"\/WP\/wir\/wp-content\/uploads\/sites\/14\/nggallery\/geothermie\/wp-kap5-3-Vaillant-03.JPG\"\n         alt=\"Koordinaten werden dokumentiert\"\n         style=\"width:20%; border-radius:8px; height:auto;\">\n<div style=\"clear:both;\"><\/div>\n<\/div>\n\n\n\n<p>Der Technikraum selbst wurde nach Abschluss der Arbeiten fast schon zu einem kleinen Vorzeigebereich: sauber, hell, ordentlich angeordnet \u2013 ein Kontrast zur fr\u00fcheren \u00d6ltechnik. Und der frei gewordene Platz dort, wo fr\u00fcher der Tank stand? Der wurde zur kleinen Werkstatt umfunktioniert. Eine sch\u00f6ne kleine Nebenwirkung.<\/p>\n\n\n\n<h4 class=\"wp-block-heading\">Fakten zur W\u00e4rmepumpe &amp; Installation<\/h4>\n\n\n\n<ul class=\"wp-block-list\">\n<li><strong>Systemart:<\/strong> Sole-Wasser-W\u00e4rmepumpe (Erdw\u00e4rme)<\/li>\n\n\n\n<li><strong>Aufstellort:<\/strong> ehemaliger \u00d6ltankraum im Keller<\/li>\n\n\n\n<li><strong>Lautst\u00e4rke:<\/strong> sehr leiser, gleichm\u00e4\u00dfiger Betrieb<\/li>\n\n\n\n<li><strong>Besonderheit:<\/strong> Anlage arbeitet effizient, auch ohne Fu\u00dfbodenheizung<\/li>\n\n\n\n<li><strong>Hydraulik &amp; Speicher:<\/strong> sauber integrierter Technikbereich, aufger\u00e4umt &amp; modern<\/li>\n\n\n\n<li><strong>Digitale Steuerung:<\/strong> App mit Live-Daten zu W\u00e4rme, Verbrauch, Zeiten und PV-Kopplung<\/li>\n\n\n\n<li><strong>Tanksanierung:<\/strong> alter \u00d6ltank fachgerecht entfernt &amp; entsorgt<\/li>\n\n\n\n<li><strong>Raumwirkung:<\/strong> Technikbereich deutlich heller &amp; sauberer als vorher<\/li>\n\n\n\n<li><strong>Praktischer Nebeneffekt:<\/strong> frei gewordener Raum als kleine Werkstatt genutzt<\/li>\n<\/ul>\n\n\n\n<hr class=\"wp-block-separator has-alpha-channel-opacity\"\/>\n\n\n\n<h2 class=\"wp-block-heading\"><span class=\"ez-toc-section\" id=\"6-rekultivierung-des-gartens\"><\/span><strong>6. Rekultivierung des Gartens<\/strong><span class=\"ez-toc-section-end\"><\/span><\/h2>\n\n\n\n<img decoding=\"async\" src=\"\/WP\/wir\/wp-content\/uploads\/sites\/14\/nggallery\/geothermie\/WP_kap6-Rekultivierung_01.jpg\"\n         alt=\"Sonnen-App\"\n         style=\"float:right; margin:0 0 1rem 1.5rem; width:40%; border-radius:8px;\">\n\n\n\n<p>Nachdem die Bohrungen abgeschlossen und alle Leitungen miteinander verbunden waren, stand unser Vorgarten vor einer neuen Herausforderung: Er musste wieder zu einem Garten werden. Nach Wochen voller Maschinen, Erdbewegungen und offener Gr\u00e4ben sah die Fl\u00e4che eher nach einer Mischung aus Acker und Baustelle aus. Von der einst gepflegten Rasenfl\u00e4che war kaum noch etwas \u00fcbrig.<\/p>\n\n\n\n<img decoding=\"async\" src=\"\/WP\/wir\/wp-content\/uploads\/sites\/14\/nggallery\/geothermie\/WP_kap6-Rekultivierung_02.jpg\"\n     alt=\"Rohre\"\n     style=\"float:left; margin:0 1.2rem 1rem 0rem; width:40%; max-width:380px; border-radius:8px;\">\n\n\n\n<p>Doch der Wiederaufbau verlief \u00fcberraschend strukturiert. Da die Brunnenbohrer die Gr\u00e4ben schon verf\u00fcllt und verdichtet hatten wurde die Fl\u00e4che durch die Fa G\u00f6bel, welche zu unseren Stammhandwerkern geh\u00f6rt, grob modelliert, begradigt und auf die neue Gartengestaltung vorbereitet. Das war der Moment, an dem wir zum ersten Mal wieder erahnen konnten, wie unser Vorgarten sp\u00e4ter aussehen w\u00fcrde.<\/p>\n\n\n\n<p>Da ohnehin alles neu angelegt werden musste, nutzten wir die Gelegenheit f\u00fcr einige Verbesserungen: breitere und ebene Wege, eine klarere Struktur und ein insgesamt gepflegterer und pflegeleichterer Eindruck. Diese Entscheidung haben wir nicht bereut \u2013 der Garten wirkt heute moderner, heller und deutlich praktischer.<\/p>\n\n\n\n<img decoding=\"async\" src=\"\/WP\/wir\/wp-content\/uploads\/sites\/14\/nggallery\/geothermie\/WP_kap6-Rekultivierung_03.jpg\"\n         alt=\"Sonnen-App\"\n         style=\"float:right; margin:0 0 1rem 1.5rem; width:40%; border-radius:8px;\">\n\n\n\n<p>Der frisch verlegte Rollrasen war dann der sichtbare Abschluss der Arbeiten. Es war ein sch\u00f6ner Moment, als die gr\u00fcne Fl\u00e4che wieder geschlossen war und die letzten Spuren der \u201eSch\u00fctzengr\u00e4ben\u201c verschwanden. Heute erinnert nichts mehr an das technische Gro\u00dfprojekt, das sich wenige Wochen zuvor hier abgespielt hat.<\/p>\n\n\n\n<h4 class=\"wp-block-heading\">Fakten zur Rekultivierung des Gartens<\/h4>\n\n\n\n<ul class=\"wp-block-list\">\n<li><strong>Grabenverf\u00fcllung:<\/strong> lagenweise Verdichtung notwendig, um sp\u00e4tere Absackungen zu vermeiden.<\/li>\n\n\n\n<li><strong>Bodenmodellierung:<\/strong> grobes Einebnen und Anpassen der Fl\u00e4che nach den Bohr- und Verbindungsarbeiten.<\/li>\n\n\n\n<li><strong>Wegef\u00fchrung:<\/strong> Chance genutzt, breitere und ebene Wege anzulegen \u2013 langlebiger &amp; barriere\u00e4rmer.<\/li>\n\n\n\n<li><strong>Rollrasen:<\/strong> wurde nach Abschluss aller Arbeiten neu verlegt; schnelles, sauberes Ergebnis.<\/li>\n\n\n\n<li><strong>Wiederherstellungszeit:<\/strong> mehrere Wochen n\u00f6tig, bis der Boden sich gesetzt und der Rasen angewachsen war.<\/li>\n\n\n\n<li><strong>Dauerhafte Wirkung:<\/strong> Vorgarten heute moderner, pflegeleichter und optisch klarer strukturiert.<\/li>\n\n\n\n<li><strong>Hinweis f\u00fcr andere:<\/strong> Rekultivierung immer in die Projektplanung einrechnen \u2013 Zeit &amp; Budget einplanen.<\/li>\n<\/ul>\n\n\n\n<hr class=\"wp-block-separator has-alpha-channel-opacity\"\/>\n\n\n\n<h2 class=\"wp-block-heading\"><span class=\"ez-toc-section\" id=\"7-ein-jahr-spaeter-%e2%80%93-erfahrungen-fazit\"><\/span><strong>7. Ein Jahr sp\u00e4ter \u2013 Erfahrungen &amp; Fazit<\/strong><span class=\"ez-toc-section-end\"><\/span><\/h2>\n\n\n\n<p>Ein Jahr nach der Umstellung auf Photovoltaik und Sole-Wasser-W\u00e4rmepumpe konnten wir endlich beurteilen, ob sich unsere Entscheidung bew\u00e4hrt hat \u2013 und das Ergebnis ist eindeutig: Ja, sie hat sich bew\u00e4hrt. Wir sind mit der Anlage hochzufrieden und w\u00fcrden den Schritt jederzeit wieder gehen.<\/p>\n\n\n\n<p>Besonders beeindruckt hat uns, wie zuverl\u00e4ssig das Gesamtsystem l\u00e4uft. Die W\u00e4rmepumpe arbeitet leise, gleichm\u00e4\u00dfig und unauff\u00e4llig. Selbst an kalten Tagen gab es keinen Moment, in dem wir das Gef\u00fchl hatten, die Heizleistung w\u00fcrde nicht ausreichen. Im Gegenteil: Das Haus ist angenehm warm, und der Betrieb ist kaum h\u00f6rbar.<\/p>\n\n\n\n<p>Auch die Kombination mit der Photovoltaik hat sich praktisch bew\u00e4hrt. Schon nach kurzer Zeit konnten wir beobachten, wie gut sich der Eigenverbrauch optimieren l\u00e4sst. Im Sommer deckten wir mit dem selbst erzeugten Strom nicht nur unseren normalen Haushaltsverbrauch, sondern auch den Bedarf der W\u00e4rmepumpe f\u00fcr das Aufw\u00e4rmen des Wassers ab. An manchen Tagen blieb sogar genug \u00fcbrig, um Energie ins Netz einzuspeisen.<\/p>\n\n\n\n<p>Im Winter dreht sich das Verh\u00e4ltnis erwartungsgem\u00e4\u00df um: mehr Verbrauch, weniger Erzeugung. Doch selbst dann f\u00fchlten wir uns nicht abh\u00e4ngig oder unsicher. Der Strombedarf bleibt im Rahmen, und \u00fcber die App l\u00e4sst sich jederzeit nachvollziehen, wie viel wir gerade verbrauchen, erzeugen oder aus dem Netz beziehen. Diese Transparenz ist ein echter Vorteil moderner Heizsysteme.<\/p>\n\n\n\n<p>Finanziell ist die Bilanz ebenfalls positiv, wenn auch differenziert. Die PV-Anlage produziert in Summe etwa so viel Strom, wie wir im Haushalt und f\u00fcr die W\u00e4rmepumpe ben\u00f6tigen. Allerdings f\u00e4llt der finanzielle Ausgleich aufgrund der aktuellen Einspeiseverg\u00fctung moderater aus, als es in anderen L\u00e4ndern \u2013 wie etwa den Niederlanden \u2013 der Fall w\u00e4re. Dennoch sparen wir Jahr f\u00fcr Jahr die kompletten \u00d6lkosten ein, was ein starkes Argument f\u00fcr die Umstellung ist.<\/p>\n\n\n\n<p>R\u00fcckblickend k\u00f6nnen wir sagen: Die Investition war nicht nur nachhaltig, sondern auch zukunftsf\u00e4hig. Und das Gef\u00fchl, weitgehend unabh\u00e4ngig von fossilen Brennstoffen zu sein, ist schwer in Zahlen zu fassen \u2013 aber es tut unglaublich gut.<\/p>\n\n\n\n<h4 class=\"wp-block-heading\">Ein Jahr sp\u00e4ter \u2013 unsere wichtigsten Erkenntnisse<\/h4>\n\n\n\n<ul class=\"wp-block-list\">\n<li><strong>Zuverl\u00e4ssigkeit:<\/strong> W\u00e4rmepumpe l\u00e4uft stabil, leise und ohne St\u00f6rungen.<\/li>\n\n\n\n<li><strong>Heizleistung:<\/strong> auch an kalten Tagen ausreichend \u2013 kein Nachheizen erforderlich.<\/li>\n\n\n\n<li><strong>PV-Ertrag:<\/strong> Jahresproduktion entspricht in etwa dem Gesamtstromverbrauch von Haushalt + W\u00e4rmepumpe.<\/li>\n\n\n\n<li><strong>Sommerbilanz:<\/strong> hoher Eigenverbrauch, \u00dcbersch\u00fcsse werden eingespeist.<\/li>\n\n\n\n<li><strong>Winterbilanz:<\/strong> zus\u00e4tzlicher Netzstrom n\u00f6tig, aber gut planbar.<\/li>\n\n\n\n<li><strong>Finanzielle Wirkung:<\/strong> komplette \u00d6lkosten entfallen; Einspeiseverg\u00fctung geringer als Bezugskosten.<\/li>\n\n\n\n<li><strong>Transparenz:<\/strong> App liefert jederzeit Daten zu Erzeugung, Verbrauch und Betrieb.<\/li>\n\n\n\n<li><strong>Alltagskomfort:<\/strong> kaum h\u00f6rbar, gleichm\u00e4\u00dfige W\u00e4rme, kein \u00d6lgeruch mehr.<\/li>\n\n\n\n<li><strong>Unabh\u00e4ngigkeit:<\/strong> deutlicher Gewinn an Autarkie \u2013 ein gutes Gef\u00fchl.<\/li>\n<\/ul>\n\n\n\n<hr class=\"wp-block-separator has-alpha-channel-opacity\"\/>\n\n\n\n<h2 class=\"wp-block-heading\"><span class=\"ez-toc-section\" id=\"8-was-wir-heute-anders-machen-wuerden\"><\/span><strong>8. Was wir heute anders machen w\u00fcrden<\/strong><span class=\"ez-toc-section-end\"><\/span><\/h2>\n\n\n\n<p>Nach dem ersten Betriebsjahr und mit etwas Abstand schauen wir heute anders auf manche Details des Projekts. Die grunds\u00e4tzliche Entscheidung f\u00fcr Photovoltaik und Sole-Wasser-W\u00e4rmepumpe w\u00fcrden wir jederzeit wieder treffen. Aber ein paar organisatorische und zeitliche Punkte w\u00fcrden wir beim n\u00e4chsten Mal anders planen.<\/p>\n\n\n\n<p>Der wichtigste Punkt betrifft eindeutig den Zeitpunkt der Bohrungen. Unser Wunsch w\u00e4re gewesen, dass die Tiefenbohrungen noch im Sp\u00e4tsommer stattfinden \u2013 nicht erst im Oktober. Dadurch w\u00e4re der Rasen vor dem Winter wieder vollst\u00e4ndig hergestellt gewesen und der Vorgarten h\u00e4tte sich \u00fcber die kalten Monate nicht in eine notd\u00fcrftig zugesch\u00fcttete Grabenlandschaft verwandelt. Mit einer fr\u00fcheren Terminplanung h\u00e4tte man viel Geduld und Nerven gespart.<\/p>\n\n\n\n<p>Auch beim Ablauf der Gewerke h\u00e4tten wir im Nachhinein etwas mehr Vorlaufzeit eingeplant. Zwischen dem Abschluss der PV-Anlage und dem Start der Bohrfirma lag eine l\u00e4ngere Wartephase. Das war nicht schlimm, aber es f\u00fchlte sich wie ein \u201eH\u00e4ngeabschnitt\u201c im Projekt an. Eine engere Abstimmung der Termine h\u00e4tte den gesamten Ablauf noch fl\u00fcssiger gemacht.<\/p>\n\n\n\n<p>Alles andere hat hervorragend funktioniert: die Beratung, die Montagearbeiten, die Koordination und die Qualit\u00e4t der Ausf\u00fchrung. Und auch wenn der Garten im Herbst wie Verdun aussah, war das Ergebnis \u00fcberzeugend. Der Vorgarten wirkt heute moderner, klarer strukturiert und sogar pflegeleichter als zuvor.<\/p>\n\n\n\n<p>R\u00fcckblickend bleibt unser Fazit daher eindeutig positiv:<br>Das System funktioniert zuverl\u00e4ssig, rechnet sich langfristig und ist ein gro\u00dfer Schritt in Richtung Nachhaltigkeit. Aber wenn wir es noch einmal machen w\u00fcrden, dann mit ein bisschen mehr Vorlauf \u2013 und mit dem festen Wunsch, dass die Bohrfirma im August statt im Oktober kommt.<\/p>\n\n\n\n<h4 class=\"wp-block-heading\">Was wir beim n\u00e4chsten Mal anders machen w\u00fcrden<\/h4>\n\n\n\n<ul class=\"wp-block-list\">\n<li><strong>Bohrzeitpunkt:<\/strong> Tiefenbohrungen m\u00f6glichst im Sp\u00e4tsommer statt im Oktober durchf\u00fchren lassen.<\/li>\n\n\n\n<li><strong>Rasenrekultivierung:<\/strong> genug Zeit einplanen, damit der Garten vor dem Winter wieder anwachsen kann.<\/li>\n\n\n\n<li><strong>Terminabstimmung:<\/strong> engerer Zeitplan zwischen PV-Montage und Beginn der Bohrfirma.<\/li>\n\n\n\n<li><strong>Puffer einplanen:<\/strong> kleine zeitliche Reserven f\u00fcr Wartezeiten oder Wetterverz\u00f6gerungen ber\u00fccksichtigen.<\/li>\n\n\n\n<li><strong>Positives Fazit:<\/strong> grundlegende Entscheidung (PV + Sole-WP) w\u00fcrden wir jederzeit wieder treffen.<\/li>\n\n\n\n<li><strong>Learnings:<\/strong> gute Vorbereitung erleichtert den Ablauf \u2013 die Kombination aus Beratung &amp; Eigenrecherche war essenziell.<\/li>\n<\/ul>\n\n\n\n<h2 class=\"wp-block-heading\"><span class=\"ez-toc-section\" id=\"9-fazit\"><\/span>9. Fazit<span class=\"ez-toc-section-end\"><\/span><\/h2>\n\n\n\n<p>Der Umstieg von einer alten \u00d6lheizung auf eine moderne Kombination aus Photovoltaik und Sole-Wasser-W\u00e4rmepumpe war f\u00fcr uns ein gro\u00dfer Schritt \u2013 aber einer, den wir keine Sekunde bereut haben. Technisch funktioniert das System zuverl\u00e4ssig, leise und effizient. Die PV-Anlage liefert \u00fcber das Jahr hinweg genau die Energie, die wir f\u00fcr Haushalt und Heizung ben\u00f6tigen, und macht uns ein gro\u00dfes St\u00fcck unabh\u00e4ngiger von fossilen Brennstoffen.<\/p>\n\n\n\n<p>Nat\u00fcrlich gab es Phasen, die Geduld erforderten \u2013 besonders rund um die Tiefenbohrungen und die Rekultivierung des Gartens. Doch r\u00fcckblickend waren diese Wochen nur ein kleiner Teil eines Projekts, das unser Haus nachhaltig modernisiert hat.<\/p>\n\n\n\n<p>Was bleibt, ist ein gutes Gef\u00fchl:<br>Ein Heizsystem, das zu unserer Generation passt und unseren \u00f6kologischen Anspr\u00fcchen gerecht wird. Eine Entscheidung, die sich f\u00fcr uns sowohl technisch als auch emotional richtig anf\u00fchlt. Und nicht zuletzt ein Vorgarten, der am Ende sch\u00f6ner geworden ist als vorher.<\/p>\n\n\n\n<p>Wir w\u00fcrden diesen Weg jederzeit wieder gehen.<\/p>\n\n\n\n<h4 class=\"wp-block-heading\">Unser Weg zur eigenen Energieversorgung \u2013 kurz zusammengefasst<\/h4>\n\n\n\n<ul class=\"wp-block-list\">\n<li><strong>Technik:<\/strong> Photovoltaik mit ca. 30 m\u00b2 Fl\u00e4che + Sole-Wasser-W\u00e4rmepumpe<\/li>\n\n\n\n<li><strong>Bohrungen:<\/strong> 3 x 70 Meter Tiefe, professionell und sauber ausgef\u00fchrt<\/li>\n\n\n\n<li><strong>Autarkie:<\/strong> Jahresertrag der PV entspricht ungef\u00e4hr unserem Gesamtstrombedarf<\/li>\n\n\n\n<li><strong>Lautst\u00e4rke:<\/strong> W\u00e4rmepumpe arbeitet leise, fast unh\u00f6rbar<\/li>\n\n\n\n<li><strong>Komfort:<\/strong> gleichm\u00e4\u00dfige W\u00e4rme, kein \u00d6lgeruch mehr, digitale Steuerung per App<\/li>\n\n\n\n<li><strong>\u00d6kologie:<\/strong> vollst\u00e4ndige Abkehr von fossilen Brennstoffen<\/li>\n\n\n\n<li><strong>Finanzielles:<\/strong> deutliche Einsparung der fr\u00fcheren \u00d6lkosten, F\u00f6rderung bis zu 50%<\/li>\n\n\n\n<li><strong>Gef\u00fchl:<\/strong> ein starkes St\u00fcck Unabh\u00e4ngigkeit \u2013 und ein zukunftsf\u00e4higes Heizsystem<\/li>\n<\/ul>\n\n\n\n<p>Impressionen \u2013 Unser Weg in Bildern<\/p>\n\n\n\n<!-- Bilderkarusell aller verwendeten Fotos -->\n<div class=\"su-image-carousel  su-image-carousel-columns-3 su-image-carousel-crop su-image-carousel-crop-3-2 su-image-carousel-has-outline su-image-carousel-adaptive su-image-carousel-slides-style-photo su-image-carousel-controls-style-dark su-image-carousel-align-center\" style=\"max-width:900px\" data-flickity-options='{\"groupCells\":true,\"cellSelector\":\".su-image-carousel-item\",\"adaptiveHeight\":false,\"cellAlign\":\"left\",\"prevNextButtons\":true,\"pageDots\":true,\"autoPlay\":3000,\"imagesLoaded\":true,\"contain\":true,\"selectedAttraction\":0.15,\"friction\":1}' id=\"su_image_carousel_69f22dc082e8d\"><div class=\"su-image-carousel-item\"><div class=\"su-image-carousel-item-content\"><a href=\"\" data-caption=\"\"><img loading=\"lazy\" decoding=\"async\" width=\"1200\" height=\"800\" src=\"https:\/\/uk-waldmann.de\/WP\/wir\/wp-content\/uploads\/sites\/14\/2026\/03\/wp-kap4-2-3x70m-01.jpg\" class=\"\" alt=\"\" srcset=\"https:\/\/uk-waldmann.de\/WP\/wir\/wp-content\/uploads\/sites\/14\/2026\/03\/wp-kap4-2-3x70m-01.jpg 1200w, https:\/\/uk-waldmann.de\/WP\/wir\/wp-content\/uploads\/sites\/14\/2026\/03\/wp-kap4-2-3x70m-01-300x200.jpg 300w, https:\/\/uk-waldmann.de\/WP\/wir\/wp-content\/uploads\/sites\/14\/2026\/03\/wp-kap4-2-3x70m-01-1024x683.jpg 1024w, https:\/\/uk-waldmann.de\/WP\/wir\/wp-content\/uploads\/sites\/14\/2026\/03\/wp-kap4-2-3x70m-01-768x512.jpg 768w\" sizes=\"auto, (max-width: 1200px) 100vw, 1200px\" \/><span><\/span><\/a><\/div><\/div><div class=\"su-image-carousel-item\"><div class=\"su-image-carousel-item-content\"><a href=\"\" data-caption=\"\"><img loading=\"lazy\" decoding=\"async\" width=\"1200\" height=\"900\" src=\"https:\/\/uk-waldmann.de\/WP\/wir\/wp-content\/uploads\/sites\/14\/2026\/03\/WP_kap6-Rekultivierung_03.jpg\" class=\"\" alt=\"\" srcset=\"https:\/\/uk-waldmann.de\/WP\/wir\/wp-content\/uploads\/sites\/14\/2026\/03\/WP_kap6-Rekultivierung_03.jpg 1200w, https:\/\/uk-waldmann.de\/WP\/wir\/wp-content\/uploads\/sites\/14\/2026\/03\/WP_kap6-Rekultivierung_03-300x225.jpg 300w, https:\/\/uk-waldmann.de\/WP\/wir\/wp-content\/uploads\/sites\/14\/2026\/03\/WP_kap6-Rekultivierung_03-1024x768.jpg 1024w, https:\/\/uk-waldmann.de\/WP\/wir\/wp-content\/uploads\/sites\/14\/2026\/03\/WP_kap6-Rekultivierung_03-768x576.jpg 768w\" sizes=\"auto, (max-width: 1200px) 100vw, 1200px\" \/><span><\/span><\/a><\/div><\/div><div class=\"su-image-carousel-item\"><div class=\"su-image-carousel-item-content\"><a href=\"\" data-caption=\"\"><img loading=\"lazy\" decoding=\"async\" width=\"1200\" height=\"900\" src=\"https:\/\/uk-waldmann.de\/WP\/wir\/wp-content\/uploads\/sites\/14\/2026\/03\/WP_kap6-Rekultivierung_01.jpg\" class=\"\" alt=\"\" srcset=\"https:\/\/uk-waldmann.de\/WP\/wir\/wp-content\/uploads\/sites\/14\/2026\/03\/WP_kap6-Rekultivierung_01.jpg 1200w, https:\/\/uk-waldmann.de\/WP\/wir\/wp-content\/uploads\/sites\/14\/2026\/03\/WP_kap6-Rekultivierung_01-300x225.jpg 300w, https:\/\/uk-waldmann.de\/WP\/wir\/wp-content\/uploads\/sites\/14\/2026\/03\/WP_kap6-Rekultivierung_01-1024x768.jpg 1024w, https:\/\/uk-waldmann.de\/WP\/wir\/wp-content\/uploads\/sites\/14\/2026\/03\/WP_kap6-Rekultivierung_01-768x576.jpg 768w\" sizes=\"auto, (max-width: 1200px) 100vw, 1200px\" \/><span><\/span><\/a><\/div><\/div><div class=\"su-image-carousel-item\"><div class=\"su-image-carousel-item-content\"><a href=\"\" data-caption=\"\"><img loading=\"lazy\" decoding=\"async\" width=\"1024\" height=\"768\" src=\"https:\/\/uk-waldmann.de\/WP\/wir\/wp-content\/uploads\/sites\/14\/2026\/03\/pv-kap3-3-leitungsfuehrung-01.jpg\" class=\"\" alt=\"\" srcset=\"https:\/\/uk-waldmann.de\/WP\/wir\/wp-content\/uploads\/sites\/14\/2026\/03\/pv-kap3-3-leitungsfuehrung-01.jpg 1024w, https:\/\/uk-waldmann.de\/WP\/wir\/wp-content\/uploads\/sites\/14\/2026\/03\/pv-kap3-3-leitungsfuehrung-01-300x225.jpg 300w, https:\/\/uk-waldmann.de\/WP\/wir\/wp-content\/uploads\/sites\/14\/2026\/03\/pv-kap3-3-leitungsfuehrung-01-768x576.jpg 768w\" sizes=\"auto, (max-width: 1024px) 100vw, 1024px\" \/><span><\/span><\/a><\/div><\/div><div class=\"su-image-carousel-item\"><div class=\"su-image-carousel-item-content\"><a href=\"\" data-caption=\"\"><img loading=\"lazy\" decoding=\"async\" width=\"1200\" height=\"800\" src=\"https:\/\/uk-waldmann.de\/WP\/wir\/wp-content\/uploads\/sites\/14\/2026\/03\/pv-kap3-3-kellertechnik-01.jpg\" class=\"\" alt=\"\" srcset=\"https:\/\/uk-waldmann.de\/WP\/wir\/wp-content\/uploads\/sites\/14\/2026\/03\/pv-kap3-3-kellertechnik-01.jpg 1200w, https:\/\/uk-waldmann.de\/WP\/wir\/wp-content\/uploads\/sites\/14\/2026\/03\/pv-kap3-3-kellertechnik-01-300x200.jpg 300w, https:\/\/uk-waldmann.de\/WP\/wir\/wp-content\/uploads\/sites\/14\/2026\/03\/pv-kap3-3-kellertechnik-01-1024x683.jpg 1024w, https:\/\/uk-waldmann.de\/WP\/wir\/wp-content\/uploads\/sites\/14\/2026\/03\/pv-kap3-3-kellertechnik-01-768x512.jpg 768w\" sizes=\"auto, (max-width: 1200px) 100vw, 1200px\" \/><span><\/span><\/a><\/div><\/div><div class=\"su-image-carousel-item\"><div class=\"su-image-carousel-item-content\"><a href=\"\" data-caption=\"\"><img loading=\"lazy\" decoding=\"async\" width=\"1200\" height=\"800\" src=\"https:\/\/uk-waldmann.de\/WP\/wir\/wp-content\/uploads\/sites\/14\/2026\/03\/pv-kap3-2-montage-04.jpg\" class=\"\" alt=\"\" srcset=\"https:\/\/uk-waldmann.de\/WP\/wir\/wp-content\/uploads\/sites\/14\/2026\/03\/pv-kap3-2-montage-04.jpg 1200w, https:\/\/uk-waldmann.de\/WP\/wir\/wp-content\/uploads\/sites\/14\/2026\/03\/pv-kap3-2-montage-04-300x200.jpg 300w, https:\/\/uk-waldmann.de\/WP\/wir\/wp-content\/uploads\/sites\/14\/2026\/03\/pv-kap3-2-montage-04-1024x683.jpg 1024w, https:\/\/uk-waldmann.de\/WP\/wir\/wp-content\/uploads\/sites\/14\/2026\/03\/pv-kap3-2-montage-04-768x512.jpg 768w\" sizes=\"auto, (max-width: 1200px) 100vw, 1200px\" \/><span><\/span><\/a><\/div><\/div><div class=\"su-image-carousel-item\"><div class=\"su-image-carousel-item-content\"><a href=\"\" data-caption=\"\"><img loading=\"lazy\" decoding=\"async\" width=\"1200\" height=\"900\" src=\"https:\/\/uk-waldmann.de\/WP\/wir\/wp-content\/uploads\/sites\/14\/2026\/03\/pv-kap3-2-montage-03.jpg\" class=\"\" alt=\"\" srcset=\"https:\/\/uk-waldmann.de\/WP\/wir\/wp-content\/uploads\/sites\/14\/2026\/03\/pv-kap3-2-montage-03.jpg 1200w, https:\/\/uk-waldmann.de\/WP\/wir\/wp-content\/uploads\/sites\/14\/2026\/03\/pv-kap3-2-montage-03-300x225.jpg 300w, https:\/\/uk-waldmann.de\/WP\/wir\/wp-content\/uploads\/sites\/14\/2026\/03\/pv-kap3-2-montage-03-1024x768.jpg 1024w, https:\/\/uk-waldmann.de\/WP\/wir\/wp-content\/uploads\/sites\/14\/2026\/03\/pv-kap3-2-montage-03-768x576.jpg 768w\" sizes=\"auto, (max-width: 1200px) 100vw, 1200px\" \/><span><\/span><\/a><\/div><\/div><div class=\"su-image-carousel-item\"><div class=\"su-image-carousel-item-content\"><a href=\"\" data-caption=\"\"><img loading=\"lazy\" decoding=\"async\" width=\"1200\" height=\"800\" src=\"https:\/\/uk-waldmann.de\/WP\/wir\/wp-content\/uploads\/sites\/14\/2026\/03\/pv-kap3-2-montage-02.jpg\" class=\"\" alt=\"\" srcset=\"https:\/\/uk-waldmann.de\/WP\/wir\/wp-content\/uploads\/sites\/14\/2026\/03\/pv-kap3-2-montage-02.jpg 1200w, https:\/\/uk-waldmann.de\/WP\/wir\/wp-content\/uploads\/sites\/14\/2026\/03\/pv-kap3-2-montage-02-300x200.jpg 300w, https:\/\/uk-waldmann.de\/WP\/wir\/wp-content\/uploads\/sites\/14\/2026\/03\/pv-kap3-2-montage-02-1024x683.jpg 1024w, https:\/\/uk-waldmann.de\/WP\/wir\/wp-content\/uploads\/sites\/14\/2026\/03\/pv-kap3-2-montage-02-768x512.jpg 768w\" sizes=\"auto, (max-width: 1200px) 100vw, 1200px\" \/><span><\/span><\/a><\/div><\/div><div class=\"su-image-carousel-item\"><div class=\"su-image-carousel-item-content\"><a href=\"\" data-caption=\"\"><img loading=\"lazy\" decoding=\"async\" width=\"900\" height=\"1200\" src=\"https:\/\/uk-waldmann.de\/WP\/wir\/wp-content\/uploads\/sites\/14\/2026\/03\/pv-kap3-2-montage-01.jpg\" class=\"\" alt=\"\" srcset=\"https:\/\/uk-waldmann.de\/WP\/wir\/wp-content\/uploads\/sites\/14\/2026\/03\/pv-kap3-2-montage-01.jpg 900w, https:\/\/uk-waldmann.de\/WP\/wir\/wp-content\/uploads\/sites\/14\/2026\/03\/pv-kap3-2-montage-01-225x300.jpg 225w, https:\/\/uk-waldmann.de\/WP\/wir\/wp-content\/uploads\/sites\/14\/2026\/03\/pv-kap3-2-montage-01-768x1024.jpg 768w\" sizes=\"auto, (max-width: 900px) 100vw, 900px\" \/><span><\/span><\/a><\/div><\/div><div class=\"su-image-carousel-item\"><div class=\"su-image-carousel-item-content\"><a href=\"\" data-caption=\"\"><img loading=\"lazy\" decoding=\"async\" width=\"1200\" height=\"900\" src=\"https:\/\/uk-waldmann.de\/WP\/wir\/wp-content\/uploads\/sites\/14\/2026\/03\/Kap1-Ausgangssituation-01.jpg\" class=\"\" alt=\"\" srcset=\"https:\/\/uk-waldmann.de\/WP\/wir\/wp-content\/uploads\/sites\/14\/2026\/03\/Kap1-Ausgangssituation-01.jpg 1200w, https:\/\/uk-waldmann.de\/WP\/wir\/wp-content\/uploads\/sites\/14\/2026\/03\/Kap1-Ausgangssituation-01-300x225.jpg 300w, https:\/\/uk-waldmann.de\/WP\/wir\/wp-content\/uploads\/sites\/14\/2026\/03\/Kap1-Ausgangssituation-01-1024x768.jpg 1024w, https:\/\/uk-waldmann.de\/WP\/wir\/wp-content\/uploads\/sites\/14\/2026\/03\/Kap1-Ausgangssituation-01-768x576.jpg 768w\" sizes=\"auto, (max-width: 1200px) 100vw, 1200px\" \/><span><\/span><\/a><\/div><\/div><div class=\"su-image-carousel-item\"><div class=\"su-image-carousel-item-content\"><a href=\"\" data-caption=\"\"><img loading=\"lazy\" decoding=\"async\" width=\"540\" height=\"1200\" src=\"https:\/\/uk-waldmann.de\/WP\/wir\/wp-content\/uploads\/sites\/14\/2026\/03\/wp-kap5-3-Vaillant-03.jpg\" class=\"\" alt=\"\" srcset=\"https:\/\/uk-waldmann.de\/WP\/wir\/wp-content\/uploads\/sites\/14\/2026\/03\/wp-kap5-3-Vaillant-03.jpg 540w, https:\/\/uk-waldmann.de\/WP\/wir\/wp-content\/uploads\/sites\/14\/2026\/03\/wp-kap5-3-Vaillant-03-135x300.jpg 135w, https:\/\/uk-waldmann.de\/WP\/wir\/wp-content\/uploads\/sites\/14\/2026\/03\/wp-kap5-3-Vaillant-03-461x1024.jpg 461w\" sizes=\"auto, (max-width: 540px) 100vw, 540px\" \/><span><\/span><\/a><\/div><\/div><div class=\"su-image-carousel-item\"><div class=\"su-image-carousel-item-content\"><a href=\"\" data-caption=\"\"><img loading=\"lazy\" decoding=\"async\" width=\"540\" height=\"1200\" src=\"https:\/\/uk-waldmann.de\/WP\/wir\/wp-content\/uploads\/sites\/14\/2026\/02\/wp-kap5-3-Vaillant-02.jpg\" class=\"\" alt=\"\" srcset=\"https:\/\/uk-waldmann.de\/WP\/wir\/wp-content\/uploads\/sites\/14\/2026\/02\/wp-kap5-3-Vaillant-02.jpg 540w, https:\/\/uk-waldmann.de\/WP\/wir\/wp-content\/uploads\/sites\/14\/2026\/02\/wp-kap5-3-Vaillant-02-135x300.jpg 135w, https:\/\/uk-waldmann.de\/WP\/wir\/wp-content\/uploads\/sites\/14\/2026\/02\/wp-kap5-3-Vaillant-02-461x1024.jpg 461w\" sizes=\"auto, (max-width: 540px) 100vw, 540px\" \/><span><\/span><\/a><\/div><\/div><div class=\"su-image-carousel-item\"><div class=\"su-image-carousel-item-content\"><a href=\"\" data-caption=\"\"><img loading=\"lazy\" decoding=\"async\" width=\"1200\" height=\"971\" src=\"https:\/\/uk-waldmann.de\/WP\/wir\/wp-content\/uploads\/sites\/14\/2026\/02\/wp-kap5-3-Sonnen-01.jpg\" class=\"\" alt=\"\" srcset=\"https:\/\/uk-waldmann.de\/WP\/wir\/wp-content\/uploads\/sites\/14\/2026\/02\/wp-kap5-3-Sonnen-01.jpg 1200w, https:\/\/uk-waldmann.de\/WP\/wir\/wp-content\/uploads\/sites\/14\/2026\/02\/wp-kap5-3-Sonnen-01-300x243.jpg 300w, https:\/\/uk-waldmann.de\/WP\/wir\/wp-content\/uploads\/sites\/14\/2026\/02\/wp-kap5-3-Sonnen-01-1024x829.jpg 1024w, https:\/\/uk-waldmann.de\/WP\/wir\/wp-content\/uploads\/sites\/14\/2026\/02\/wp-kap5-3-Sonnen-01-768x621.jpg 768w\" sizes=\"auto, (max-width: 1200px) 100vw, 1200px\" \/><span><\/span><\/a><\/div><\/div><div class=\"su-image-carousel-item\"><div class=\"su-image-carousel-item-content\"><a href=\"\" data-caption=\"\"><img loading=\"lazy\" decoding=\"async\" width=\"1200\" height=\"800\" src=\"https:\/\/uk-waldmann.de\/WP\/wir\/wp-content\/uploads\/sites\/14\/2026\/02\/wp-kap5-2-Installation-02.jpg\" class=\"\" alt=\"\" srcset=\"https:\/\/uk-waldmann.de\/WP\/wir\/wp-content\/uploads\/sites\/14\/2026\/02\/wp-kap5-2-Installation-02.jpg 1200w, https:\/\/uk-waldmann.de\/WP\/wir\/wp-content\/uploads\/sites\/14\/2026\/02\/wp-kap5-2-Installation-02-300x200.jpg 300w, https:\/\/uk-waldmann.de\/WP\/wir\/wp-content\/uploads\/sites\/14\/2026\/02\/wp-kap5-2-Installation-02-1024x683.jpg 1024w, https:\/\/uk-waldmann.de\/WP\/wir\/wp-content\/uploads\/sites\/14\/2026\/02\/wp-kap5-2-Installation-02-768x512.jpg 768w\" sizes=\"auto, (max-width: 1200px) 100vw, 1200px\" \/><span><\/span><\/a><\/div><\/div><div class=\"su-image-carousel-item\"><div class=\"su-image-carousel-item-content\"><a href=\"\" data-caption=\"\"><img loading=\"lazy\" decoding=\"async\" width=\"900\" height=\"1200\" src=\"https:\/\/uk-waldmann.de\/WP\/wir\/wp-content\/uploads\/sites\/14\/2026\/02\/wp-kap5-2-Installation-01.jpg\" class=\"\" alt=\"\" srcset=\"https:\/\/uk-waldmann.de\/WP\/wir\/wp-content\/uploads\/sites\/14\/2026\/02\/wp-kap5-2-Installation-01.jpg 900w, https:\/\/uk-waldmann.de\/WP\/wir\/wp-content\/uploads\/sites\/14\/2026\/02\/wp-kap5-2-Installation-01-225x300.jpg 225w, https:\/\/uk-waldmann.de\/WP\/wir\/wp-content\/uploads\/sites\/14\/2026\/02\/wp-kap5-2-Installation-01-768x1024.jpg 768w\" sizes=\"auto, (max-width: 900px) 100vw, 900px\" \/><span><\/span><\/a><\/div><\/div><div class=\"su-image-carousel-item\"><div class=\"su-image-carousel-item-content\"><a href=\"\" data-caption=\"\"><img loading=\"lazy\" decoding=\"async\" width=\"1200\" height=\"900\" src=\"https:\/\/uk-waldmann.de\/WP\/wir\/wp-content\/uploads\/sites\/14\/2026\/02\/wp-kap5-1-Ausbau-02.jpg\" class=\"\" alt=\"\" srcset=\"https:\/\/uk-waldmann.de\/WP\/wir\/wp-content\/uploads\/sites\/14\/2026\/02\/wp-kap5-1-Ausbau-02.jpg 1200w, https:\/\/uk-waldmann.de\/WP\/wir\/wp-content\/uploads\/sites\/14\/2026\/02\/wp-kap5-1-Ausbau-02-300x225.jpg 300w, https:\/\/uk-waldmann.de\/WP\/wir\/wp-content\/uploads\/sites\/14\/2026\/02\/wp-kap5-1-Ausbau-02-1024x768.jpg 1024w, https:\/\/uk-waldmann.de\/WP\/wir\/wp-content\/uploads\/sites\/14\/2026\/02\/wp-kap5-1-Ausbau-02-768x576.jpg 768w\" sizes=\"auto, (max-width: 1200px) 100vw, 1200px\" \/><span><\/span><\/a><\/div><\/div><div class=\"su-image-carousel-item\"><div class=\"su-image-carousel-item-content\"><a href=\"\" data-caption=\"\"><img loading=\"lazy\" decoding=\"async\" width=\"900\" height=\"1200\" src=\"https:\/\/uk-waldmann.de\/WP\/wir\/wp-content\/uploads\/sites\/14\/2026\/02\/wp-kap5-1-Ausbau-01.jpg\" class=\"\" alt=\"\" srcset=\"https:\/\/uk-waldmann.de\/WP\/wir\/wp-content\/uploads\/sites\/14\/2026\/02\/wp-kap5-1-Ausbau-01.jpg 900w, https:\/\/uk-waldmann.de\/WP\/wir\/wp-content\/uploads\/sites\/14\/2026\/02\/wp-kap5-1-Ausbau-01-225x300.jpg 225w, https:\/\/uk-waldmann.de\/WP\/wir\/wp-content\/uploads\/sites\/14\/2026\/02\/wp-kap5-1-Ausbau-01-768x1024.jpg 768w\" sizes=\"auto, (max-width: 900px) 100vw, 900px\" \/><span><\/span><\/a><\/div><\/div><div class=\"su-image-carousel-item\"><div class=\"su-image-carousel-item-content\"><a href=\"\" data-caption=\"\"><img loading=\"lazy\" decoding=\"async\" width=\"900\" height=\"1200\" src=\"https:\/\/uk-waldmann.de\/WP\/wir\/wp-content\/uploads\/sites\/14\/2026\/02\/wp-kap4-3-Verbinden-03.jpg\" class=\"\" alt=\"\" srcset=\"https:\/\/uk-waldmann.de\/WP\/wir\/wp-content\/uploads\/sites\/14\/2026\/02\/wp-kap4-3-Verbinden-03.jpg 900w, https:\/\/uk-waldmann.de\/WP\/wir\/wp-content\/uploads\/sites\/14\/2026\/02\/wp-kap4-3-Verbinden-03-225x300.jpg 225w, https:\/\/uk-waldmann.de\/WP\/wir\/wp-content\/uploads\/sites\/14\/2026\/02\/wp-kap4-3-Verbinden-03-768x1024.jpg 768w\" sizes=\"auto, (max-width: 900px) 100vw, 900px\" \/><span><\/span><\/a><\/div><\/div><div class=\"su-image-carousel-item\"><div class=\"su-image-carousel-item-content\"><a href=\"\" data-caption=\"\"><img loading=\"lazy\" decoding=\"async\" width=\"900\" height=\"1200\" src=\"https:\/\/uk-waldmann.de\/WP\/wir\/wp-content\/uploads\/sites\/14\/2026\/02\/wp-kap4-3-Verbinden-02.jpg\" class=\"\" alt=\"\" srcset=\"https:\/\/uk-waldmann.de\/WP\/wir\/wp-content\/uploads\/sites\/14\/2026\/02\/wp-kap4-3-Verbinden-02.jpg 900w, https:\/\/uk-waldmann.de\/WP\/wir\/wp-content\/uploads\/sites\/14\/2026\/02\/wp-kap4-3-Verbinden-02-225x300.jpg 225w, https:\/\/uk-waldmann.de\/WP\/wir\/wp-content\/uploads\/sites\/14\/2026\/02\/wp-kap4-3-Verbinden-02-768x1024.jpg 768w\" sizes=\"auto, (max-width: 900px) 100vw, 900px\" \/><span><\/span><\/a><\/div><\/div><div class=\"su-image-carousel-item\"><div class=\"su-image-carousel-item-content\"><a href=\"\" data-caption=\"\"><img loading=\"lazy\" decoding=\"async\" width=\"1200\" height=\"800\" src=\"https:\/\/uk-waldmann.de\/WP\/wir\/wp-content\/uploads\/sites\/14\/2026\/02\/wp-kap4-3-Verbinden-01.jpg\" class=\"\" alt=\"\" srcset=\"https:\/\/uk-waldmann.de\/WP\/wir\/wp-content\/uploads\/sites\/14\/2026\/02\/wp-kap4-3-Verbinden-01.jpg 1200w, https:\/\/uk-waldmann.de\/WP\/wir\/wp-content\/uploads\/sites\/14\/2026\/02\/wp-kap4-3-Verbinden-01-300x200.jpg 300w, https:\/\/uk-waldmann.de\/WP\/wir\/wp-content\/uploads\/sites\/14\/2026\/02\/wp-kap4-3-Verbinden-01-1024x683.jpg 1024w, https:\/\/uk-waldmann.de\/WP\/wir\/wp-content\/uploads\/sites\/14\/2026\/02\/wp-kap4-3-Verbinden-01-768x512.jpg 768w\" sizes=\"auto, (max-width: 1200px) 100vw, 1200px\" \/><span><\/span><\/a><\/div><\/div><div class=\"su-image-carousel-item\"><div class=\"su-image-carousel-item-content\"><a href=\"\" data-caption=\"\"><img loading=\"lazy\" decoding=\"async\" width=\"900\" height=\"1200\" src=\"https:\/\/uk-waldmann.de\/WP\/wir\/wp-content\/uploads\/sites\/14\/2026\/02\/wp-kap4-2-3x70m-04.jpg\" class=\"\" alt=\"\" srcset=\"https:\/\/uk-waldmann.de\/WP\/wir\/wp-content\/uploads\/sites\/14\/2026\/02\/wp-kap4-2-3x70m-04.jpg 900w, https:\/\/uk-waldmann.de\/WP\/wir\/wp-content\/uploads\/sites\/14\/2026\/02\/wp-kap4-2-3x70m-04-225x300.jpg 225w, https:\/\/uk-waldmann.de\/WP\/wir\/wp-content\/uploads\/sites\/14\/2026\/02\/wp-kap4-2-3x70m-04-768x1024.jpg 768w\" sizes=\"auto, (max-width: 900px) 100vw, 900px\" \/><span><\/span><\/a><\/div><\/div><div class=\"su-image-carousel-item\"><div class=\"su-image-carousel-item-content\"><a href=\"\" data-caption=\"\"><img loading=\"lazy\" decoding=\"async\" width=\"900\" height=\"1200\" src=\"https:\/\/uk-waldmann.de\/WP\/wir\/wp-content\/uploads\/sites\/14\/2026\/02\/wp-kap4-2-3x70m-03.jpg\" class=\"\" alt=\"\" srcset=\"https:\/\/uk-waldmann.de\/WP\/wir\/wp-content\/uploads\/sites\/14\/2026\/02\/wp-kap4-2-3x70m-03.jpg 900w, https:\/\/uk-waldmann.de\/WP\/wir\/wp-content\/uploads\/sites\/14\/2026\/02\/wp-kap4-2-3x70m-03-225x300.jpg 225w, https:\/\/uk-waldmann.de\/WP\/wir\/wp-content\/uploads\/sites\/14\/2026\/02\/wp-kap4-2-3x70m-03-768x1024.jpg 768w\" sizes=\"auto, (max-width: 900px) 100vw, 900px\" \/><span><\/span><\/a><\/div><\/div><div class=\"su-image-carousel-item\"><div class=\"su-image-carousel-item-content\"><a href=\"\" data-caption=\"\"><img loading=\"lazy\" decoding=\"async\" width=\"900\" height=\"1200\" src=\"https:\/\/uk-waldmann.de\/WP\/wir\/wp-content\/uploads\/sites\/14\/2026\/02\/wp-kap4-2-3x70m-02.jpg\" class=\"\" alt=\"\" srcset=\"https:\/\/uk-waldmann.de\/WP\/wir\/wp-content\/uploads\/sites\/14\/2026\/02\/wp-kap4-2-3x70m-02.jpg 900w, https:\/\/uk-waldmann.de\/WP\/wir\/wp-content\/uploads\/sites\/14\/2026\/02\/wp-kap4-2-3x70m-02-225x300.jpg 225w, https:\/\/uk-waldmann.de\/WP\/wir\/wp-content\/uploads\/sites\/14\/2026\/02\/wp-kap4-2-3x70m-02-768x1024.jpg 768w\" sizes=\"auto, (max-width: 900px) 100vw, 900px\" \/><span><\/span><\/a><\/div><\/div><div class=\"su-image-carousel-item\"><div class=\"su-image-carousel-item-content\"><a href=\"\" data-caption=\"\"><img loading=\"lazy\" decoding=\"async\" width=\"1200\" height=\"800\" src=\"https:\/\/uk-waldmann.de\/WP\/wir\/wp-content\/uploads\/sites\/14\/2026\/02\/wp-kap4-2-3x70m-01.jpg\" class=\"\" alt=\"\" srcset=\"https:\/\/uk-waldmann.de\/WP\/wir\/wp-content\/uploads\/sites\/14\/2026\/02\/wp-kap4-2-3x70m-01.jpg 1200w, https:\/\/uk-waldmann.de\/WP\/wir\/wp-content\/uploads\/sites\/14\/2026\/02\/wp-kap4-2-3x70m-01-300x200.jpg 300w, https:\/\/uk-waldmann.de\/WP\/wir\/wp-content\/uploads\/sites\/14\/2026\/02\/wp-kap4-2-3x70m-01-1024x683.jpg 1024w, https:\/\/uk-waldmann.de\/WP\/wir\/wp-content\/uploads\/sites\/14\/2026\/02\/wp-kap4-2-3x70m-01-768x512.jpg 768w\" sizes=\"auto, (max-width: 1200px) 100vw, 1200px\" \/><span><\/span><\/a><\/div><\/div><div class=\"su-image-carousel-item\"><div class=\"su-image-carousel-item-content\"><a href=\"\" data-caption=\"\"><img loading=\"lazy\" decoding=\"async\" width=\"1200\" height=\"900\" src=\"https:\/\/uk-waldmann.de\/WP\/wir\/wp-content\/uploads\/sites\/14\/2026\/02\/wp-kap4-1-Vorbereitung-02.jpg\" class=\"\" alt=\"\" srcset=\"https:\/\/uk-waldmann.de\/WP\/wir\/wp-content\/uploads\/sites\/14\/2026\/02\/wp-kap4-1-Vorbereitung-02.jpg 1200w, https:\/\/uk-waldmann.de\/WP\/wir\/wp-content\/uploads\/sites\/14\/2026\/02\/wp-kap4-1-Vorbereitung-02-300x225.jpg 300w, https:\/\/uk-waldmann.de\/WP\/wir\/wp-content\/uploads\/sites\/14\/2026\/02\/wp-kap4-1-Vorbereitung-02-1024x768.jpg 1024w, https:\/\/uk-waldmann.de\/WP\/wir\/wp-content\/uploads\/sites\/14\/2026\/02\/wp-kap4-1-Vorbereitung-02-768x576.jpg 768w\" sizes=\"auto, (max-width: 1200px) 100vw, 1200px\" \/><span><\/span><\/a><\/div><\/div><div class=\"su-image-carousel-item\"><div class=\"su-image-carousel-item-content\"><a href=\"\" data-caption=\"\"><img loading=\"lazy\" decoding=\"async\" width=\"1200\" height=\"900\" src=\"https:\/\/uk-waldmann.de\/WP\/wir\/wp-content\/uploads\/sites\/14\/2026\/02\/wp-kap4-1-Vorbereitung-01.jpg\" class=\"\" alt=\"\" srcset=\"https:\/\/uk-waldmann.de\/WP\/wir\/wp-content\/uploads\/sites\/14\/2026\/02\/wp-kap4-1-Vorbereitung-01.jpg 1200w, https:\/\/uk-waldmann.de\/WP\/wir\/wp-content\/uploads\/sites\/14\/2026\/02\/wp-kap4-1-Vorbereitung-01-300x225.jpg 300w, https:\/\/uk-waldmann.de\/WP\/wir\/wp-content\/uploads\/sites\/14\/2026\/02\/wp-kap4-1-Vorbereitung-01-1024x768.jpg 1024w, https:\/\/uk-waldmann.de\/WP\/wir\/wp-content\/uploads\/sites\/14\/2026\/02\/wp-kap4-1-Vorbereitung-01-768x576.jpg 768w\" sizes=\"auto, (max-width: 1200px) 100vw, 1200px\" \/><span><\/span><\/a><\/div><\/div><div class=\"su-image-carousel-item\"><div class=\"su-image-carousel-item-content\"><a href=\"\" data-caption=\"\"><img loading=\"lazy\" decoding=\"async\" width=\"1200\" height=\"900\" src=\"https:\/\/uk-waldmann.de\/WP\/wir\/wp-content\/uploads\/sites\/14\/2026\/02\/wp-kap3-1-geruest-02.jpg\" class=\"\" alt=\"\" srcset=\"https:\/\/uk-waldmann.de\/WP\/wir\/wp-content\/uploads\/sites\/14\/2026\/02\/wp-kap3-1-geruest-02.jpg 1200w, https:\/\/uk-waldmann.de\/WP\/wir\/wp-content\/uploads\/sites\/14\/2026\/02\/wp-kap3-1-geruest-02-300x225.jpg 300w, https:\/\/uk-waldmann.de\/WP\/wir\/wp-content\/uploads\/sites\/14\/2026\/02\/wp-kap3-1-geruest-02-1024x768.jpg 1024w, https:\/\/uk-waldmann.de\/WP\/wir\/wp-content\/uploads\/sites\/14\/2026\/02\/wp-kap3-1-geruest-02-768x576.jpg 768w\" sizes=\"auto, (max-width: 1200px) 100vw, 1200px\" \/><span><\/span><\/a><\/div><\/div><div class=\"su-image-carousel-item\"><div class=\"su-image-carousel-item-content\"><a href=\"\" data-caption=\"\"><img loading=\"lazy\" decoding=\"async\" width=\"1200\" height=\"900\" src=\"https:\/\/uk-waldmann.de\/WP\/wir\/wp-content\/uploads\/sites\/14\/2026\/02\/wp-kap3-1-geruest-01.jpg\" class=\"\" alt=\"\" srcset=\"https:\/\/uk-waldmann.de\/WP\/wir\/wp-content\/uploads\/sites\/14\/2026\/02\/wp-kap3-1-geruest-01.jpg 1200w, https:\/\/uk-waldmann.de\/WP\/wir\/wp-content\/uploads\/sites\/14\/2026\/02\/wp-kap3-1-geruest-01-300x225.jpg 300w, https:\/\/uk-waldmann.de\/WP\/wir\/wp-content\/uploads\/sites\/14\/2026\/02\/wp-kap3-1-geruest-01-1024x768.jpg 1024w, https:\/\/uk-waldmann.de\/WP\/wir\/wp-content\/uploads\/sites\/14\/2026\/02\/wp-kap3-1-geruest-01-768x576.jpg 768w\" sizes=\"auto, (max-width: 1200px) 100vw, 1200px\" \/><span><\/span><\/a><\/div><\/div><div class=\"su-image-carousel-item\"><div class=\"su-image-carousel-item-content\"><a href=\"\" data-caption=\"\"><img loading=\"lazy\" decoding=\"async\" width=\"1200\" height=\"900\" src=\"https:\/\/uk-waldmann.de\/WP\/wir\/wp-content\/uploads\/sites\/14\/2026\/02\/WP_kap6-Rekultivierung_03.jpg\" class=\"\" alt=\"\" srcset=\"https:\/\/uk-waldmann.de\/WP\/wir\/wp-content\/uploads\/sites\/14\/2026\/02\/WP_kap6-Rekultivierung_03.jpg 1200w, https:\/\/uk-waldmann.de\/WP\/wir\/wp-content\/uploads\/sites\/14\/2026\/02\/WP_kap6-Rekultivierung_03-300x225.jpg 300w, https:\/\/uk-waldmann.de\/WP\/wir\/wp-content\/uploads\/sites\/14\/2026\/02\/WP_kap6-Rekultivierung_03-1024x768.jpg 1024w, https:\/\/uk-waldmann.de\/WP\/wir\/wp-content\/uploads\/sites\/14\/2026\/02\/WP_kap6-Rekultivierung_03-768x576.jpg 768w\" sizes=\"auto, (max-width: 1200px) 100vw, 1200px\" \/><span><\/span><\/a><\/div><\/div><div class=\"su-image-carousel-item\"><div class=\"su-image-carousel-item-content\"><a href=\"\" data-caption=\"\"><img loading=\"lazy\" decoding=\"async\" width=\"1200\" height=\"900\" src=\"https:\/\/uk-waldmann.de\/WP\/wir\/wp-content\/uploads\/sites\/14\/2026\/02\/WP_kap6-Rekultivierung_02.jpg\" class=\"\" alt=\"\" srcset=\"https:\/\/uk-waldmann.de\/WP\/wir\/wp-content\/uploads\/sites\/14\/2026\/02\/WP_kap6-Rekultivierung_02.jpg 1200w, https:\/\/uk-waldmann.de\/WP\/wir\/wp-content\/uploads\/sites\/14\/2026\/02\/WP_kap6-Rekultivierung_02-300x225.jpg 300w, https:\/\/uk-waldmann.de\/WP\/wir\/wp-content\/uploads\/sites\/14\/2026\/02\/WP_kap6-Rekultivierung_02-1024x768.jpg 1024w, https:\/\/uk-waldmann.de\/WP\/wir\/wp-content\/uploads\/sites\/14\/2026\/02\/WP_kap6-Rekultivierung_02-768x576.jpg 768w\" sizes=\"auto, (max-width: 1200px) 100vw, 1200px\" \/><span><\/span><\/a><\/div><\/div><\/div><script id=\"su_image_carousel_69f22dc082e8d_script\">if(window.SUImageCarousel){setTimeout(function() {window.SUImageCarousel.initGallery(document.getElementById(\"su_image_carousel_69f22dc082e8d\"))}, 0);}var su_image_carousel_69f22dc082e8d_script=document.getElementById(\"su_image_carousel_69f22dc082e8d_script\");if(su_image_carousel_69f22dc082e8d_script){su_image_carousel_69f22dc082e8d_script.parentNode.removeChild(su_image_carousel_69f22dc082e8d_script);}<\/script>\n\n\n\n\n\n<p class=\"has-text-align-right has-small-font-size\"> Erstver\u00f6ffentlichung: 1. Dezember 2025 | Letzte \u00c4nderung am 27. M\u00e4rz 2026 durch <a href=\"\" target=\"_blank\" class=\"last-modified-author\">Wald.KL<\/a>  \n","protected":false},"excerpt":{"rendered":"<p>Einleitung \u2013 Warum wir uns f\u00fcr den Umstieg entschieden haben Im Sommer 2020 standen wir vor einer Entscheidung, die viele Haushalte irgendwann treffen m\u00fcssen: Unsere [&#8230;]<\/p>\n","protected":false},"author":1,"featured_media":1759,"comment_status":"closed","ping_status":"closed","sticky":false,"template":"","format":"standard","meta":{"_lmt_disableupdate":"no","_lmt_disable":"","footnotes":""},"categories":[73],"tags":[40],"class_list":["post-1120","post","type-post","status-publish","format-standard","has-post-thumbnail","hentry","category-bei-uns","tag-eyecatcher-waermepumpe"],"modified_by":"Wald.KL","_links":{"self":[{"href":"https:\/\/uk-waldmann.de\/WP\/wir\/wp-json\/wp\/v2\/posts\/1120","targetHints":{"allow":["GET"]}}],"collection":[{"href":"https:\/\/uk-waldmann.de\/WP\/wir\/wp-json\/wp\/v2\/posts"}],"about":[{"href":"https:\/\/uk-waldmann.de\/WP\/wir\/wp-json\/wp\/v2\/types\/post"}],"author":[{"embeddable":true,"href":"https:\/\/uk-waldmann.de\/WP\/wir\/wp-json\/wp\/v2\/users\/1"}],"replies":[{"embeddable":true,"href":"https:\/\/uk-waldmann.de\/WP\/wir\/wp-json\/wp\/v2\/comments?post=1120"}],"version-history":[{"count":186,"href":"https:\/\/uk-waldmann.de\/WP\/wir\/wp-json\/wp\/v2\/posts\/1120\/revisions"}],"predecessor-version":[{"id":2092,"href":"https:\/\/uk-waldmann.de\/WP\/wir\/wp-json\/wp\/v2\/posts\/1120\/revisions\/2092"}],"wp:featuredmedia":[{"embeddable":true,"href":"https:\/\/uk-waldmann.de\/WP\/wir\/wp-json\/wp\/v2\/media\/1759"}],"wp:attachment":[{"href":"https:\/\/uk-waldmann.de\/WP\/wir\/wp-json\/wp\/v2\/media?parent=1120"}],"wp:term":[{"taxonomy":"category","embeddable":true,"href":"https:\/\/uk-waldmann.de\/WP\/wir\/wp-json\/wp\/v2\/categories?post=1120"},{"taxonomy":"post_tag","embeddable":true,"href":"https:\/\/uk-waldmann.de\/WP\/wir\/wp-json\/wp\/v2\/tags?post=1120"}],"curies":[{"name":"wp","href":"https:\/\/api.w.org\/{rel}","templated":true}]}}