{"id":65,"date":"2019-08-05T14:51:20","date_gmt":"2019-08-05T12:51:20","guid":{"rendered":"http:\/\/uk-waldmann.de\/WP\/wir\/?page_id=65"},"modified":"2026-03-27T07:31:26","modified_gmt":"2026-03-27T06:31:26","slug":"fotoausstattung","status":"publish","type":"post","link":"https:\/\/uk-waldmann.de\/WP\/wir\/fotoausstattung\/","title":{"rendered":"Fotoausstattung"},"content":{"rendered":"\n<p><\/p>\n\n\n\n<p>Fotografieren begleitet mich seit meiner Kindheit.<br>Meine Fotoausstattung ist deshalb weniger eine technische Sammlung als vielmehr das Ergebnis von \u00fcber sechs Jahrzehnten Erfahrung, Ausprobieren und pers\u00f6nlicher Entwicklung.<\/p>\n\n\n\n<blockquote class=\"wp-block-quote is-layout-flow wp-block-quote-is-layout-flow\">\n<p>Ich fotografiere nicht, weil ich Technik liebe \u2013<br>sondern weil ich seit Jahrzehnten sehe.<\/p>\n<cite>Klaus Waldmann<\/cite><\/blockquote>\n\n\n\n<hr class=\"wp-block-separator has-alpha-channel-opacity\"\/>\n\n\n\n<h2 class=\"wp-block-heading\">Meine fotografischen Anf\u00e4nge (1960er Jahre)<\/h2>\n\n\n\n<h3 class=\"wp-block-heading\">Die erste eigene Kamera<\/h3>\n\n\n\n<figure class=\"wp-block-image aligncenter size-medium is-resized has-custom-border is-style-rounded\"><img loading=\"lazy\" decoding=\"async\" width=\"300\" height=\"169\" src=\"https:\/\/uk-waldmann.de\/WP\/wir\/wp-content\/uploads\/sites\/14\/2025\/01\/Agfa-Golf-Adox-300x169.jpg\" alt=\"\nGolf Adox Klappkamera\" class=\"wp-image-845\" style=\"border-top-left-radius:16px;border-top-right-radius:16px;border-bottom-left-radius:16px;border-bottom-right-radius:16px;aspect-ratio:1.7753120665742026;object-fit:contain;width:520px\" srcset=\"https:\/\/uk-waldmann.de\/WP\/wir\/wp-content\/uploads\/sites\/14\/2025\/01\/Agfa-Golf-Adox-300x169.jpg 300w, https:\/\/uk-waldmann.de\/WP\/wir\/wp-content\/uploads\/sites\/14\/2025\/01\/Agfa-Golf-Adox-1024x576.jpg 1024w, https:\/\/uk-waldmann.de\/WP\/wir\/wp-content\/uploads\/sites\/14\/2025\/01\/Agfa-Golf-Adox-768x432.jpg 768w, https:\/\/uk-waldmann.de\/WP\/wir\/wp-content\/uploads\/sites\/14\/2025\/01\/Agfa-Golf-Adox-1536x864.jpg 1536w, https:\/\/uk-waldmann.de\/WP\/wir\/wp-content\/uploads\/sites\/14\/2025\/01\/Agfa-Golf-Adox-2048x1152.jpg 2048w, https:\/\/uk-waldmann.de\/WP\/wir\/wp-content\/uploads\/sites\/14\/2025\/01\/Agfa-Golf-Adox-1800x1013.jpg 1800w, https:\/\/uk-waldmann.de\/WP\/wir\/wp-content\/uploads\/sites\/14\/2025\/01\/Agfa-Golf-Adox-1840x1035.jpg 1840w\" sizes=\"auto, (max-width: 300px) 100vw, 300px\" \/><figcaption class=\"wp-element-caption\">Golf Adox Klappkamera \u2013 meine erste eigene Kamera (ca. 1960er Jahre)<\/figcaption><\/figure>\n\n\n\n<p>Mit etwa neun Jahren hielt ich meine erste eigene Kamera in den H\u00e4nden \u2013 eine <strong>Golf Adox Klappkamera<\/strong>.<br>Sie arbeitete mit einem 9\u00d79 Rollfilm und war alles andere als ein Automat. Wer ein brauchbares Foto machen wollte, musste sich mit Licht, Zeit und Blende besch\u00e4ftigen.<\/p>\n\n\n\n<p>Ein externes Lichtmessger\u00e4t war unverzichtbar. Erst nachdem ich die passenden Werte ermittelt hatte, konnte ich die Einstellungen an der Kamera vornehmen. Jeder Druck auf den Ausl\u00f6ser war bewusst gesetzt \u2013 ein kleines St\u00fcck Verantwortung f\u00fcr das, was auf dem Film entstehen sollte.<\/p>\n\n\n\n<p>Das Ergebnis waren Negativstreifen. Aus ihnen wurden sp\u00e4ter \u2013 mit etwas Geduld \u2013 Papierfotos entwickelt. Zwischen Aufnahme und fertigem Bild lagen oft zwei Wochen, manchmal l\u00e4nger, wenn der Film noch nicht voll war.<\/p>\n\n\n\n<p>R\u00fcckblickend war das eine Schule der Geduld \u2013 und vielleicht auch der Beginn einer lebenslangen Auseinandersetzung mit dem bewussten Sehen.<\/p>\n\n\n\n<blockquote class=\"wp-block-quote is-layout-flow wp-block-quote-is-layout-flow\">\n<p>\u201eIch habe fotografieren gelernt, als man noch warten musste.\u201c<\/p>\n<\/blockquote>\n\n\n\n<p><\/p>\n\n\n\n<hr class=\"wp-block-separator has-alpha-channel-opacity\"\/>\n\n\n\n<h2 class=\"wp-block-heading\">Vom Negativ zum Dia<\/h2>\n\n\n\n<h3 class=\"wp-block-heading\">Die Ricoh Singlex TLS<\/h3>\n\n\n\n<p>Mit etwa elf Jahren \u00e4nderte sich meine Arbeitsweise.<br>Statt Papierbildern begann ich, mit <strong>Dias<\/strong> zu fotografieren. Das bedeutete nicht nur ein anderes Material, sondern auch eine andere Art, Bilder zu betrachten. Dias wurden projiziert \u2013 gro\u00df, leuchtend und unmittelbar.<\/p>\n\n\n\n<figure class=\"wp-block-image alignright size-full is-resized has-custom-border\"><img loading=\"lazy\" decoding=\"async\" width=\"640\" height=\"427\" src=\"http:\/\/uk-waldmann.de\/WP\/wir\/wp-content\/uploads\/sites\/14\/2020\/05\/s-l6401.jpg\" alt=\"\" class=\"wp-image-262\" style=\"border-top-left-radius:16px;border-top-right-radius:16px;border-bottom-left-radius:16px;border-bottom-right-radius:16px;width:300px\" srcset=\"https:\/\/uk-waldmann.de\/WP\/wir\/wp-content\/uploads\/sites\/14\/2020\/05\/s-l6401.jpg 640w, https:\/\/uk-waldmann.de\/WP\/wir\/wp-content\/uploads\/sites\/14\/2020\/05\/s-l6401-300x200.jpg 300w, https:\/\/uk-waldmann.de\/WP\/wir\/wp-content\/uploads\/sites\/14\/2020\/05\/s-l6401-420x280.jpg 420w\" sizes=\"auto, (max-width: 640px) 100vw, 640px\" \/><figcaption class=\"wp-element-caption\"><em>RICOH Singlex TLS<\/em> <\/figcaption><\/figure>\n\n\n\n<p>Meine Kamera in dieser Zeit war eine <strong>Ricoh Singlex TLS<\/strong>, ausgestattet mit einem Teleobjektiv von <strong>Soligor (70\u2013210 mm)<\/strong>. Damit er\u00f6ffneten sich neue M\u00f6glichkeiten: Motive konnten n\u00e4her herangeholt werden, Details gewannen an Bedeutung.<\/p>\n\n\n\n<p>Besonders gute Ergebnisse erzielte ich mit einem <strong>Perutz Color 200 DIN Film<\/strong>. Wer mit Diafilm arbeitete, wusste: Belichtung musste sehr genau stimmen. Fehler lie\u00dfen sich sp\u00e4ter kaum korrigieren. Diese Phase sch\u00e4rfte mein Gef\u00fchl f\u00fcr Licht und Kontrast noch einmal deutlich.<\/p>\n\n\n\n<hr class=\"wp-block-separator has-alpha-channel-opacity\"\/>\n\n\n\n<h2 class=\"wp-block-heading\">Der Schritt zu Canon<\/h2>\n\n\n\n<h3 class=\"wp-block-heading\">Canon EOS 1000F<\/h3>\n\n\n\n<figure class=\"wp-block-image alignleft size-full is-resized has-custom-border is-style-default\"><img loading=\"lazy\" decoding=\"async\" width=\"896\" height=\"783\" src=\"http:\/\/uk-waldmann.de\/WP\/wir\/wp-content\/uploads\/sites\/14\/2020\/05\/image1.png\" alt=\"\" class=\"wp-image-265\" style=\"border-top-left-radius:16px;border-top-right-radius:16px;border-bottom-left-radius:16px;border-bottom-right-radius:16px;aspect-ratio:1.1443557038979617;object-fit:cover;width:300px\" srcset=\"https:\/\/uk-waldmann.de\/WP\/wir\/wp-content\/uploads\/sites\/14\/2020\/05\/image1.png 896w, https:\/\/uk-waldmann.de\/WP\/wir\/wp-content\/uploads\/sites\/14\/2020\/05\/image1-300x262.png 300w, https:\/\/uk-waldmann.de\/WP\/wir\/wp-content\/uploads\/sites\/14\/2020\/05\/image1-768x671.png 768w\" sizes=\"auto, (max-width: 896px) 100vw, 896px\" \/><\/figure>\n\n\n\n<p>Der Wechsel zu Canon markierte einen neuen Abschnitt.<br>Mit der analogen Spiegelreflexkamera <strong>Canon EOS 1000F<\/strong> begann f\u00fcr mich eine l\u00e4ngere Phase fotografischer Kontinuit\u00e4t. Mit ihr fotografierte ich bis etwa 2003 oder 2004.<\/p>\n\n\n\n<p>Die EOS 1000F begleitete mich \u00fcber viele Jahre hinweg. Selbst als ich sp\u00e4ter bereits erste digitale Erfahrungen mit der Olympus Camedia sammelte, griff ich immer wieder zur vertrauten Canon zur\u00fcck. Sie war robust, zuverl\u00e4ssig \u2013 und vor allem vertraut.<\/p>\n\n\n\n<hr class=\"wp-block-separator has-alpha-channel-opacity\"\/>\n\n\n\n<h2 class=\"wp-block-heading\">Der Einstieg in die Digitalfotografie<\/h2>\n\n\n\n<figure class=\"wp-block-image alignright size-large is-resized has-custom-border is-style-default\"><img decoding=\"async\" src=\"http:\/\/uk-waldmann.de\/WP\/wir\/wp-content\/uploads\/sites\/14\/2019\/08\/image-1.png\" alt=\"\" style=\"border-top-left-radius:16px;border-top-right-radius:16px;border-bottom-left-radius:16px;border-bottom-right-radius:16px;width:300px\"\/><\/figure>\n\n\n\n<p>Im M\u00e4rz 2003 wagte ich den Schritt in die Digitalfotografie \u2013 mit einer <strong>Olympus Camedia C-740<\/strong>. Die Kamera verf\u00fcgte \u00fcber einen 10-fach-Zoom und begleitete mich bis ins Fr\u00fchjahr 2006.<\/p>\n\n\n\n<p>F\u00fcr mich blieb sie daher eher eine \u00dcbergangsl\u00f6sung. Uschi nutzte die Kamera sp\u00e4ter noch bei einigen Schulausfl\u00fcgen weiter.<\/p>\n\n\n\n<hr class=\"wp-block-separator has-alpha-channel-opacity\"\/>\n\n\n\n<h2 class=\"wp-block-heading\">Zweistellig, Reisen &amp; Sport<\/h2>\n\n\n\n<h3 class=\"wp-block-heading\">Zur\u00fcck zur Spiegelreflex, Canon EOS 350D \/ Madeira<\/h3>\n\n\n\n<figure class=\"wp-block-image alignleft size-large is-resized has-custom-border is-style-default\"><img decoding=\"async\" src=\"https:\/\/uk-waldmann.de\/WP\/reisen\/wp-content\/uploads\/sites\/12\/2023\/02\/nggallery_import\/2006-08_Madeira_404.JPG\" alt=\"\" style=\"border-top-left-radius:16px;border-top-right-radius:16px;border-bottom-left-radius:16px;border-bottom-right-radius:16px;width:300px\"\/><\/figure>\n\n\n\n<p>2006 kehrte ich zur Spiegelreflexkamera und zu Canon zur\u00fcck \u2013 zun\u00e4chst mit der <strong>Canon EOS 350D<\/strong>, die in unserem Urlaub auf Madeira erstmals intensiv zum Einsatz kam. Anfangs verwendete ich noch meine Objektive aus der Zeit der EOS 1000F:<\/p>\n\n\n\n<ul class=\"wp-block-list\">\n<li>Canon EF 28\u201380 mm 1:3.5\u20135.6 II<\/li>\n\n\n\n<li>Canon EF 80\u2013200 mm 1:4.5\u20135.6 II<\/li>\n<\/ul>\n\n\n\n<p>Es dauerte jedoch nicht lange, bis ein Superzoom von Sigma (18\u2013250 mm) hinzukam \u2013 ein Objektiv, das mich viele Jahre begleiten sollte.<\/p>\n\n\n\n<hr class=\"wp-block-separator has-alpha-channel-opacity\"\/>\n\n\n\n<h3 class=\"wp-block-heading\">Sportfotografie und Praxis<\/h3>\n\n\n\n<figure class=\"wp-block-image alignright size-large is-resized has-custom-border is-style-default\"><img decoding=\"async\" src=\"http:\/\/uk-waldmann.de\/WP\/wir\/wp-content\/uploads\/sites\/14\/2026\/02\/20101114_PSV-HG_Marktst_090.jpg\" alt=\"\" style=\"border-top-left-radius:16px;border-top-right-radius:16px;border-bottom-left-radius:16px;border-bottom-right-radius:16px;width:300px\"\/><\/figure>\n\n\n\n<p>Von 2007 bis 2013 begleitete ich regelm\u00e4\u00dfig die Jugend-Handballmannschaft des Post SV N\u00fcrnberg \u2013 bis hin zur A-Jugend-Bundesliga. Hallensport stellt besondere Anforderungen an Lichtst\u00e4rke und Reaktionsf\u00e4higkeit. Daher erg\u00e4nzte ich meine Ausr\u00fcstung um ein lichtstarkes Tamron-Zoomobjektiv (28\u201375 mm, Blende 2.8).<\/p>\n\n\n\n<p>Diese Zeit war fotografisch pr\u00e4gend: schnelle Bewegungen, wechselnde Lichtverh\u00e4ltnisse, der richtige Moment.<\/p>\n\n\n\n<hr class=\"wp-block-separator has-alpha-channel-opacity\"\/>\n\n\n\n<h3 class=\"wp-block-heading\">Canon EOS 500D<\/h3>\n\n\n\n<p>W\u00e4hrend unseres ersten Urlaubs auf den Kanaren (2011) kam dann die <strong>Canon EOS 500D<\/strong> zum Einsatz. Der Wechsel von der 350D erfolgte vor allem wegen der Videofunktion, die mich reizte.<\/p>\n\n\n\n<p>Ausgereizt habe ich diese Funktion allerdings nie. Fotografieren ist mir bis heute deutlich wichtiger als Filmen. Video nutze ich lediglich gelegentlich \u2013 etwa f\u00fcr Zeitrafferaufnahmen.<\/p>\n\n\n\n<p>R\u00fcckblickend w\u00e4re der direkte Schritt zu einer \u201ezweistelligen\u201c Canon vermutlich sinnvoll gewesen.<\/p>\n\n\n\n<hr class=\"wp-block-separator has-alpha-channel-opacity\"\/>\n\n\n\n<h3 class=\"wp-block-heading\">Uschi fotografiert<\/h3>\n\n\n\n<p>In dieser Zeit entdeckte auch Uschi zunehmend ihre Freude am Fotografieren. Mit einer Nikon Coolpix S6200 entstanden erstmals regelm\u00e4\u00dfig Bilder, auf denen auch ich selbst zu sehen war \u2013 besonders auf Reisen und Wanderungen.<\/p>\n\n\n\n<hr class=\"wp-block-separator has-alpha-channel-opacity\"\/>\n\n\n\n<h3 class=\"wp-block-heading\">Canon EOS 70D<\/h3>\n\n\n\n<figure class=\"wp-block-image alignleft size-large is-resized has-custom-border is-style-default\"><img decoding=\"async\" src=\"http:\/\/uk-waldmann.de\/WP\/wir\/wp-content\/uploads\/sites\/14\/2026\/02\/1280px-Canon_EOS_70D_-_Display.jpg\" alt=\"\" style=\"border-top-left-radius:16px;border-top-right-radius:16px;border-bottom-left-radius:16px;border-bottom-right-radius:16px;width:300px\"\/><figcaption class=\"wp-element-caption\"><a href=\"https:\/\/www.flickr.com\/people\/65265630@N03\">K\u0101rlis Dambr\u0101ns<\/a>&nbsp;from Latvia&nbsp;&#8211;&nbsp;<a href=\"https:\/\/www.flickr.com\/photos\/janitors\/10454268506\/\">Canon EOS 70D<\/a>&nbsp;Uploaded by&nbsp;<a href=\"https:\/\/commons.wikimedia.org\/wiki\/User:Jacopo_Werther\">Jacopo Werther<\/a><\/figcaption><\/figure>\n\n\n\n<p>Nach rund zehn Jahren intensiver Nutzung zeigte mein Sigma-Superzoom deutliche Verschlei\u00dferscheinungen. Da ich mich bei Wanderungen sehr an diesen gro\u00dfen Brennweitenbereich gew\u00f6hnt hatte, suchte ich nach einer passenden Nachfolge \u2013 und fand sie im <strong>Tamron 18\u2013400 mm<\/strong>.<\/p>\n\n\n\n<p>Seit 2015 erg\u00e4nzt zudem ein <strong>Canon Speedlite 430EX II<\/strong> meine Ausr\u00fcstung \u2013 selten im Einsatz, aber in bestimmten Situationen sehr hilfreich.<\/p>\n\n\n\n<hr class=\"wp-block-separator has-alpha-channel-opacity\"\/>\n\n\n\n<h2 class=\"wp-block-heading\">Der Wechsel zur spiegellosen Kamera (2025)<\/h2>\n\n\n\n<p>Nach \u00fcber zehn Jahren mit der Canon EOS 70D entschied ich mich im Juni 2025 f\u00fcr den Wechsel in die spiegellose Welt der Canon-R-Serie.<\/p>\n\n\n\n<p><\/p>\n\n\n\n<p>Da meine Anforderungen eher praxisorientiert als technisch getrieben sind, w\u00e4hlte ich bewusst eine APS-C-Kamera. Sie ist leichter, kompakter und wirtschaftlicher als ein Vollformatsystem \u2013 ohne dabei f\u00fcr meine Zwecke sp\u00fcrbare Nachteile zu bringen.<\/p>\n\n\n\n<figure class=\"wp-block-image aligncenter size-large is-resized has-custom-border is-style-default\"><img decoding=\"async\" src=\"http:\/\/uk-waldmann.de\/WP\/wir\/wp-content\/uploads\/sites\/14\/2026\/02\/1280px-Canon_EOS_R7_9_Jul_2022a.jpg\" alt=\"\" style=\"border-top-left-radius:16px;border-top-right-radius:16px;border-bottom-left-radius:16px;border-bottom-right-radius:16px;width:520px\"\/><figcaption class=\"wp-element-caption\">Canon EOS R7 (photo taken at Yodobashi Camera)<\/figcaption><\/figure>\n\n\n\n<p>Meine Wahl fiel auf die <strong>Canon R7<\/strong>.<br>Mit einem Mount-Adapter konnte ich meine bisherigen EF- und EF-S-Objektive weiterhin verwenden \u2013 eine sinnvolle Br\u00fccke zwischen Vergangenheit und Gegenwart.<\/p>\n\n\n\n<p class=\"has-text-align-right\">Fotos: <a href=\"https:\/\/uk-waldmann.de\/WP\/lizenz-cc-by-nc-sa-4-0\/\" target=\"_blank\" rel=\"noreferrer noopener\">alle nicht gekennzeichneten Fotos UKW<\/a><\/p>\n\n\n\n<p class=\"has-text-align-right has-small-font-size\"> Erstver\u00f6ffentlichung: 5. August 2019 | Letzte \u00c4nderung am 27. M\u00e4rz 2026 durch <a href=\"\" target=\"_blank\" class=\"last-modified-author\">Wald.KL<\/a>  \n","protected":false},"excerpt":{"rendered":"<p>Fotografieren begleitet mich seit meiner Kindheit.Meine Fotoausstattung ist deshalb weniger eine technische Sammlung als vielmehr das Ergebnis von \u00fcber sechs Jahrzehnten Erfahrung, Ausprobieren und pers\u00f6nlicher [&#8230;]<\/p>\n","protected":false},"author":1,"featured_media":845,"comment_status":"closed","ping_status":"closed","sticky":false,"template":"","format":"standard","meta":{"_lmt_disableupdate":"no","_lmt_disable":"","footnotes":""},"categories":[73],"tags":[42],"class_list":["post-65","post","type-post","status-publish","format-standard","has-post-thumbnail","hentry","category-bei-uns","tag-eyecatcher-fotoausstattung"],"modified_by":"Wald.KL","_links":{"self":[{"href":"https:\/\/uk-waldmann.de\/WP\/wir\/wp-json\/wp\/v2\/posts\/65","targetHints":{"allow":["GET"]}}],"collection":[{"href":"https:\/\/uk-waldmann.de\/WP\/wir\/wp-json\/wp\/v2\/posts"}],"about":[{"href":"https:\/\/uk-waldmann.de\/WP\/wir\/wp-json\/wp\/v2\/types\/post"}],"author":[{"embeddable":true,"href":"https:\/\/uk-waldmann.de\/WP\/wir\/wp-json\/wp\/v2\/users\/1"}],"replies":[{"embeddable":true,"href":"https:\/\/uk-waldmann.de\/WP\/wir\/wp-json\/wp\/v2\/comments?post=65"}],"version-history":[{"count":114,"href":"https:\/\/uk-waldmann.de\/WP\/wir\/wp-json\/wp\/v2\/posts\/65\/revisions"}],"predecessor-version":[{"id":2094,"href":"https:\/\/uk-waldmann.de\/WP\/wir\/wp-json\/wp\/v2\/posts\/65\/revisions\/2094"}],"wp:featuredmedia":[{"embeddable":true,"href":"https:\/\/uk-waldmann.de\/WP\/wir\/wp-json\/wp\/v2\/media\/845"}],"wp:attachment":[{"href":"https:\/\/uk-waldmann.de\/WP\/wir\/wp-json\/wp\/v2\/media?parent=65"}],"wp:term":[{"taxonomy":"category","embeddable":true,"href":"https:\/\/uk-waldmann.de\/WP\/wir\/wp-json\/wp\/v2\/categories?post=65"},{"taxonomy":"post_tag","embeddable":true,"href":"https:\/\/uk-waldmann.de\/WP\/wir\/wp-json\/wp\/v2\/tags?post=65"}],"curies":[{"name":"wp","href":"https:\/\/api.w.org\/{rel}","templated":true}]}}